{"id":44756,"date":"2023-12-01T13:58:53","date_gmt":"2023-12-01T12:58:53","guid":{"rendered":"https:\/\/swiss21.org\/?p=44756"},"modified":"2024-03-29T08:44:54","modified_gmt":"2024-03-29T07:44:54","slug":"comment-fonctionne-la-tva-en-suisse","status":"publish","type":"post","link":"https:\/\/swiss21.org\/fr\/comment-fonctionne-la-tva-en-suisse\/","title":{"rendered":"Comment fonctionne la TVA en Suisse?"},"content":{"rendered":"\t\t<div data-elementor-type=\"wp-post\" data-elementor-id=\"44756\" class=\"elementor elementor-44756 elementor-35424\" data-elementor-post-type=\"post\">\n\t\t\t\t<div class=\"elementor-element elementor-element-2ff209a elementor-hidden-tablet elementor-hidden-mobile e-flex e-con-boxed e-con e-parent\" data-id=\"2ff209a\" data-element_type=\"container\" data-e-type=\"container\" data-settings=\"{&quot;background_background&quot;:&quot;classic&quot;}\">\n\t\t\t\t\t<div class=\"e-con-inner\">\n\t\t\t\t\t<\/div>\n\t\t\t\t<\/div>\n\t\t<div class=\"elementor-element elementor-element-c676c11 e-flex e-con-boxed e-con e-parent\" data-id=\"c676c11\" data-element_type=\"container\" data-e-type=\"container\">\n\t\t\t\t\t<div class=\"e-con-inner\">\n\t\t\t\t<div class=\"elementor-element elementor-element-d500c8e elementor-widget elementor-widget-spacer\" data-id=\"d500c8e\" data-element_type=\"widget\" data-e-type=\"widget\" data-widget_type=\"spacer.default\">\n\t\t\t\t<div class=\"elementor-widget-container\">\n\t\t\t\t\t\t\t<div class=\"elementor-spacer\">\n\t\t\t<div class=\"elementor-spacer-inner\"><\/div>\n\t\t<\/div>\n\t\t\t\t\t\t<\/div>\n\t\t\t\t<\/div>\n\t\t\t\t\t<\/div>\n\t\t\t\t<\/div>\n\t\t<div class=\"elementor-element elementor-element-ac4f50f e-flex e-con-boxed e-con e-parent\" data-id=\"ac4f50f\" data-element_type=\"container\" data-e-type=\"container\">\n\t\t\t\t\t<div class=\"e-con-inner\">\n\t\t\t\t<div class=\"elementor-element elementor-element-6e2ce71 elementor-widget elementor-widget-heading\" data-id=\"6e2ce71\" data-element_type=\"widget\" data-e-type=\"widget\" data-widget_type=\"heading.default\">\n\t\t\t\t<div class=\"elementor-widget-container\">\n\t\t\t\t\t<h1 class=\"elementor-heading-title elementor-size-default\">Comment fonctionne la TVA en Suisse?<\/h1>\t\t\t\t<\/div>\n\t\t\t\t<\/div>\n\t\t\t\t<div class=\"elementor-element elementor-element-41c5b40 elementor-widget elementor-widget-text-editor\" data-id=\"41c5b40\" data-element_type=\"widget\" data-e-type=\"widget\" data-widget_type=\"text-editor.default\">\n\t\t\t\t<div class=\"elementor-widget-container\">\n\t\t\t\t\t\t\t\t\t<div style=\"margin-right: -20px; margin-left: -20px; padding-top: 15px; padding-bottom: 15px; font-size: 18px; text-size-adjust: 100%; background-position: 50% center; background-size: cover; background-color: #ffffff; position: relative; color: #000000; font-family: Arial, Helvetica, Arial, Lucida, sans-serif;\"><div style=\"margin: auto; text-size-adjust: 100%; background-position: 50% center; background-size: cover; background-repeat: no-repeat; width: calc(100% - 40px); max-width: 1250px; position: relative;\"><span style=\"background-color: #ffffff;\">Pour comprendre son fonctionnement en Suisse, voici quelques points importants \u00e0 savoir sur la TVA en Suisse.<\/span><\/div><\/div>\t\t\t\t\t\t\t\t<\/div>\n\t\t\t\t<\/div>\n\t\t\t\t\t<\/div>\n\t\t\t\t<\/div>\n\t\t<div class=\"elementor-element elementor-element-f54b5dd e-flex e-con-boxed e-con e-parent\" data-id=\"f54b5dd\" data-element_type=\"container\" data-e-type=\"container\">\n\t\t\t\t\t<div class=\"e-con-inner\">\n\t\t\t\t<div class=\"elementor-element elementor-element-0836a49 elementor-widget elementor-widget-spacer\" data-id=\"0836a49\" data-element_type=\"widget\" data-e-type=\"widget\" data-widget_type=\"spacer.default\">\n\t\t\t\t<div class=\"elementor-widget-container\">\n\t\t\t\t\t\t\t<div class=\"elementor-spacer\">\n\t\t\t<div class=\"elementor-spacer-inner\"><\/div>\n\t\t<\/div>\n\t\t\t\t\t\t<\/div>\n\t\t\t\t<\/div>\n\t\t\t\t\t<\/div>\n\t\t\t\t<\/div>\n\t\t<div class=\"elementor-element elementor-element-4e153a6 e-flex e-con-boxed e-con e-parent\" data-id=\"4e153a6\" data-element_type=\"container\" data-e-type=\"container\">\n\t\t\t\t\t<div class=\"e-con-inner\">\n\t\t\t\t<div class=\"elementor-element elementor-element-d9922c0 elementor-widget elementor-widget-image\" data-id=\"d9922c0\" data-element_type=\"widget\" data-e-type=\"widget\" data-widget_type=\"image.default\">\n\t\t\t\t<div class=\"elementor-widget-container\">\n\t\t\t\t\t\t\t\t\t\t\t\t\t\t\t<img fetchpriority=\"high\" decoding=\"async\" width=\"1200\" height=\"400\" src=\"https:\/\/swiss21.org\/wp-content\/uploads\/2023\/12\/comment-fonctionne-la-tva-en-suisse.webp\" class=\"attachment-qi_blocks_image_size_landscape size-qi_blocks_image_size_landscape wp-image-35429\" alt=\"\" srcset=\"https:\/\/swiss21.org\/wp-content\/uploads\/2023\/12\/comment-fonctionne-la-tva-en-suisse.webp 1200w, https:\/\/swiss21.org\/wp-content\/uploads\/2023\/12\/comment-fonctionne-la-tva-en-suisse-300x100.webp 300w, https:\/\/swiss21.org\/wp-content\/uploads\/2023\/12\/comment-fonctionne-la-tva-en-suisse-1024x341.webp 1024w, https:\/\/swiss21.org\/wp-content\/uploads\/2023\/12\/comment-fonctionne-la-tva-en-suisse-768x256.webp 768w, https:\/\/swiss21.org\/wp-content\/uploads\/2023\/12\/comment-fonctionne-la-tva-en-suisse-700x233.webp 700w\" sizes=\"(max-width: 1200px) 100vw, 1200px\" title=\"\">\t\t\t\t\t\t\t\t\t\t\t\t\t\t\t<\/div>\n\t\t\t\t<\/div>\n\t\t\t\t\t<\/div>\n\t\t\t\t<\/div>\n\t\t<div class=\"elementor-element elementor-element-e307940 e-flex e-con-boxed e-con e-parent\" data-id=\"e307940\" data-element_type=\"container\" data-e-type=\"container\">\n\t\t\t\t\t<div class=\"e-con-inner\">\n\t\t\t\t<div class=\"elementor-element elementor-element-d0bf2ec elementor-widget elementor-widget-spacer\" data-id=\"d0bf2ec\" data-element_type=\"widget\" data-e-type=\"widget\" data-widget_type=\"spacer.default\">\n\t\t\t\t<div class=\"elementor-widget-container\">\n\t\t\t\t\t\t\t<div class=\"elementor-spacer\">\n\t\t\t<div class=\"elementor-spacer-inner\"><\/div>\n\t\t<\/div>\n\t\t\t\t\t\t<\/div>\n\t\t\t\t<\/div>\n\t\t\t\t\t<\/div>\n\t\t\t\t<\/div>\n\t\t<div class=\"elementor-element elementor-element-7596383 e-flex e-con-boxed e-con e-parent\" data-id=\"7596383\" data-element_type=\"container\" data-e-type=\"container\">\n\t\t\t\t\t<div class=\"e-con-inner\">\n\t\t\t\t<div class=\"elementor-element elementor-element-9cff0ef elementor-widget elementor-widget-heading\" data-id=\"9cff0ef\" data-element_type=\"widget\" data-e-type=\"widget\" data-widget_type=\"heading.default\">\n\t\t\t\t<div class=\"elementor-widget-container\">\n\t\t\t\t\t<h2 class=\"elementor-heading-title elementor-size-default\">Avant tout\u2026<\/h2>\t\t\t\t<\/div>\n\t\t\t\t<\/div>\n\t\t\t\t<div class=\"elementor-element elementor-element-121953d elementor-widget elementor-widget-text-editor\" data-id=\"121953d\" data-element_type=\"widget\" data-e-type=\"widget\" data-widget_type=\"text-editor.default\">\n\t\t\t\t<div class=\"elementor-widget-container\">\n\t\t\t\t\t\t\t\t\t<div class=\"et_pb_section et_pb_section_2 et_section_regular\"><div class=\"et_pb_row et_pb_row_2\"><div class=\"et_pb_column et_pb_column_4_4 et_pb_column_2 et_pb_css_mix_blend_mode_passthrough et-last-child\"><div class=\"et_pb_module et_pb_text et_pb_text_1 et_pb_text_align_left et_pb_bg_layout_light\"><div class=\"et_pb_text_inner\"><p>La TVA est un imp\u00f4t indirect sur la consommation cr\u00e9\u00e9 par\u00a0Maurice Laur\u00e9\u00a0en 1954. Apr\u00e8s avoir vu son succ\u00e8s en France,\u00a0les Etats membres du March\u00e9 commun ont adopt\u00e9 la TVA \u00e0 partir de 1960. Elle est maintenant adopt\u00e9e par plus de 166 pays et son application varie d\u2019un \u00e9tat \u00e0 un autre. Son efficacit\u00e9 lui a permis d\u2019\u00eatre la premi\u00e8re source de revenus fiscaux. C\u2019est un imp\u00f4t pr\u00e9lev\u00e9 sur la vente de produits ou de services. La TVA est pay\u00e9e par les particuliers et par les entreprises dans les pays europ\u00e9ens. Seulement, ce sont les consommateurs finaux achetant un bien ou service qui la supportent v\u00e9ritablement.<\/p><p>La TVA est une taxe neutre pour l\u2019entreprise, car elle joue seulement le r\u00f4le d\u2019interm\u00e9diaire entre l\u2019administration fiscale et le client. Maintenant la v\u00e9ritable question est, comment fonctionne la TVA en Suisse ?<\/p><\/div><\/div><\/div><\/div><\/div>\t\t\t\t\t\t\t\t<\/div>\n\t\t\t\t<\/div>\n\t\t\t\t<div class=\"elementor-element elementor-element-bf60d43 elementor-widget elementor-widget-heading\" data-id=\"bf60d43\" data-element_type=\"widget\" data-e-type=\"widget\" data-widget_type=\"heading.default\">\n\t\t\t\t<div class=\"elementor-widget-container\">\n\t\t\t\t\t<h2 class=\"elementor-heading-title elementor-size-default\">Quelles sont les entreprises assujetties \u00e0 la TVA Suisse ?<\/h2>\t\t\t\t<\/div>\n\t\t\t\t<\/div>\n\t\t\t\t<div class=\"elementor-element elementor-element-50fc42d elementor-widget elementor-widget-text-editor\" data-id=\"50fc42d\" data-element_type=\"widget\" data-e-type=\"widget\" data-widget_type=\"text-editor.default\">\n\t\t\t\t<div class=\"elementor-widget-container\">\n\t\t\t\t\t\t\t\t\t<p>Presque toutes les entreprises en Suisse sont assujetties \u00e0 la TVA peu importe qu\u2019elles soient\u00a0: une soci\u00e9t\u00e9 anonyme, entreprise individuelle, entreprise en nom collectif, etc.<\/p><p>Les entreprises ayant leur si\u00e8ge sur le territoire Suisse sont assujetties \u00e0 la TVA si elles :<\/p><ul><li>pratiquent une activit\u00e9\u00a0professionnelle ou commerciale ind\u00e9pendamment\u00a0;<\/li><li>agissent pour leur propre compte \u00e0 l\u2019\u00e9gard des tiers\u00a0;<\/li><li>visent \u00e0 r\u00e9aliser des recettes permanentes \u00e0 partir de\u00a0prestations.<\/li><\/ul><p>Pour les entreprises ayant leur si\u00e8ge social en Suisse, elles sont exon\u00e9r\u00e9es de l\u2019assujettissement \u00e0 la TVA si\u00a0:<\/p><ul><li>Leur chiffre d\u2019affaires sur les prestations imposables sont inf\u00e9rieur \u00e0 CHF 100\u2019000 par an ou ;<\/li><li>Les associations sportives ou culturelles ont un but non-lucratif\u00a0 avec un chiffre d\u2019affaires inf\u00e9rieur \u00e0 CHF 150\u2019000;<\/li><li>Par contre, les institutions de droit\u00a0public qui poss\u00e8dent un chiffre d\u2019affaires inf\u00e9rieur \u00e0 CHF 100\u2019000 ne sont pas soumises \u00e0 la TVA.<\/li><\/ul><p>Il y a certaines entreprises qui fournissent des prestations qui ne sont pas incluses dans le champ de l\u2019imp\u00f4t, donc elles ne seront pas oblig\u00e9es de payer la TVA. Nous faisons ici r\u00e9f\u00e9rence aux entreprises qui procurent des traitements m\u00e9dicaux, ou des entreprises dont les activit\u00e9s concernent la formation. Toutefois, elles peuvent quand m\u00eame s\u2019assujettir volontairement \u00e0 la TVA si elles atteignent les seuils de chiffre d\u2019affaires.<\/p><p>\u00a0<\/p><p>Pour les entreprises ayant leur si\u00e8ge social en dehors du territoire Suisse et qui ont cependant des \u00e9tablissements annexes stables localis\u00e9s en Suisse, on leur applique les m\u00eames conditions d\u2019assujettissement comme celles des entreprises ayant leur si\u00e8ge social en Suisse. Elles sont soumises \u00e0 la TVA Suisse si elles atteignent le seuil de chiffres d\u2019affaires correspondant au type de prestation qu\u2019elles fournissent.<\/p>\t\t\t\t\t\t\t\t<\/div>\n\t\t\t\t<\/div>\n\t\t\t\t\t<\/div>\n\t\t\t\t<\/div>\n\t\t<div class=\"elementor-element elementor-element-b3d6544 e-flex e-con-boxed e-con e-parent\" data-id=\"b3d6544\" data-element_type=\"container\" data-e-type=\"container\">\n\t\t\t\t\t<div class=\"e-con-inner\">\n\t\t\t\t<div class=\"elementor-element elementor-element-a95b084 elementor-widget elementor-widget-spacer\" data-id=\"a95b084\" data-element_type=\"widget\" data-e-type=\"widget\" data-widget_type=\"spacer.default\">\n\t\t\t\t<div class=\"elementor-widget-container\">\n\t\t\t\t\t\t\t<div class=\"elementor-spacer\">\n\t\t\t<div class=\"elementor-spacer-inner\"><\/div>\n\t\t<\/div>\n\t\t\t\t\t\t<\/div>\n\t\t\t\t<\/div>\n\t\t\t\t\t<\/div>\n\t\t\t\t<\/div>\n\t\t<div class=\"elementor-element elementor-element-f520417 e-flex e-con-boxed e-con e-parent\" data-id=\"f520417\" data-element_type=\"container\" data-e-type=\"container\" data-settings=\"{&quot;background_background&quot;:&quot;classic&quot;}\">\n\t\t\t\t\t<div class=\"e-con-inner\">\n\t\t<div class=\"elementor-element elementor-element-cc38072 e-con-full e-flex e-con e-child\" data-id=\"cc38072\" data-element_type=\"container\" data-e-type=\"container\" data-settings=\"{&quot;background_background&quot;:&quot;classic&quot;}\">\n\t\t\t\t<div class=\"elementor-element elementor-element-8d1df36 elementor-widget__width-initial elementor-widget elementor-widget-heading\" data-id=\"8d1df36\" data-element_type=\"widget\" data-e-type=\"widget\" data-widget_type=\"heading.default\">\n\t\t\t\t<div class=\"elementor-widget-container\">\n\t\t\t\t\t<h2 class=\"elementor-heading-title elementor-size-default\">Avec Swiss21 les t\u00e2ches administratives\nappartiennent au pass\u00e9<\/h2>\t\t\t\t<\/div>\n\t\t\t\t<\/div>\n\t\t\t\t<div class=\"elementor-element elementor-element-e8cf895 elementor-widget elementor-widget-text-editor\" data-id=\"e8cf895\" data-element_type=\"widget\" data-e-type=\"widget\" data-widget_type=\"text-editor.default\">\n\t\t\t\t<div class=\"elementor-widget-container\">\n\t\t\t\t\t\t\t\t\t<p>Effectuez vos offres, factures, notes de frais et paiements en quelques clics<\/p>\t\t\t\t\t\t\t\t<\/div>\n\t\t\t\t<\/div>\n\t\t\t\t<\/div>\n\t\t<div class=\"elementor-element elementor-element-8b9e77d e-con-full e-flex e-con e-child\" data-id=\"8b9e77d\" data-element_type=\"container\" data-e-type=\"container\">\n\t\t\t\t<div class=\"elementor-element elementor-element-799ea23 elementor-align-center elementor-widget elementor-widget-button\" data-id=\"799ea23\" data-element_type=\"widget\" data-e-type=\"widget\" data-widget_type=\"button.default\">\n\t\t\t\t<div class=\"elementor-widget-container\">\n\t\t\t\t\t\t\t\t\t<div class=\"elementor-button-wrapper\">\n\t\t\t\t\t<a class=\"elementor-button elementor-button-link elementor-size-sm\" href=\"https:\/\/portal.swiss21.org\/signup\">\n\t\t\t\t\t\t<span class=\"elementor-button-content-wrapper\">\n\t\t\t\t\t\t\t\t\t<span class=\"elementor-button-text\">Commencez gratuitement<\/span>\n\t\t\t\t\t<\/span>\n\t\t\t\t\t<\/a>\n\t\t\t\t<\/div>\n\t\t\t\t\t\t\t\t<\/div>\n\t\t\t\t<\/div>\n\t\t\t\t<\/div>\n\t\t\t\t\t<\/div>\n\t\t\t\t<\/div>\n\t\t<div class=\"elementor-element elementor-element-90947c7 e-flex e-con-boxed e-con e-parent\" data-id=\"90947c7\" data-element_type=\"container\" data-e-type=\"container\">\n\t\t\t\t\t<div class=\"e-con-inner\">\n\t\t\t\t<div class=\"elementor-element elementor-element-2ddea58 elementor-widget elementor-widget-spacer\" data-id=\"2ddea58\" data-element_type=\"widget\" data-e-type=\"widget\" data-widget_type=\"spacer.default\">\n\t\t\t\t<div class=\"elementor-widget-container\">\n\t\t\t\t\t\t\t<div class=\"elementor-spacer\">\n\t\t\t<div class=\"elementor-spacer-inner\"><\/div>\n\t\t<\/div>\n\t\t\t\t\t\t<\/div>\n\t\t\t\t<\/div>\n\t\t\t\t\t<\/div>\n\t\t\t\t<\/div>\n\t\t<div class=\"elementor-element elementor-element-788bbe9 e-flex e-con-boxed e-con e-parent\" data-id=\"788bbe9\" data-element_type=\"container\" data-e-type=\"container\">\n\t\t\t\t\t<div class=\"e-con-inner\">\n\t\t\t\t<div class=\"elementor-element elementor-element-91180fb elementor-widget elementor-widget-heading\" data-id=\"91180fb\" data-element_type=\"widget\" data-e-type=\"widget\" data-widget_type=\"heading.default\">\n\t\t\t\t<div class=\"elementor-widget-container\">\n\t\t\t\t\t<h2 class=\"elementor-heading-title elementor-size-default\">Les taux de TVA en Suisse<\/h2>\t\t\t\t<\/div>\n\t\t\t\t<\/div>\n\t\t\t\t<div class=\"elementor-element elementor-element-61fee6d elementor-widget elementor-widget-text-editor\" data-id=\"61fee6d\" data-element_type=\"widget\" data-e-type=\"widget\" data-widget_type=\"text-editor.default\">\n\t\t\t\t<div class=\"elementor-widget-container\">\n\t\t\t\t\t\t\t\t\t<p>On distingue trois types de taux de TVA en vigueur en Suisse :<\/p><p><strong>Le taux normal :\u00a0<\/strong>il est fix\u00e9<strong>\u00a0\u00e0 7,7 %<\/strong>\u00a0et est applicable \u00e0 toutes les prestations de services imposables qui ne sont pas assujetties au taux sp\u00e9cial ou r\u00e9duit comme\u00a0: les voitures, les accessoires comme les montres\u00a0; les bijoux, les v\u00eatements, boisson alcoolis\u00e9e et les services.<\/p><p><strong>Le taux r\u00e9duit\u00a0:<\/strong>\u00a0il est fix\u00e9\u00a0<strong>\u00e0 2,5 %\u00a0<\/strong>et est appliqu\u00e9 sur\u00a0: l\u2019eau amen\u00e9e par des conduites,\u00a0except\u00e9 le traitement des eaux us\u00e9es qui est soumis au taux normal\u00a0; les m\u00e9dicaments, les journaux, les livres, les revues, le b\u00e9tail, la volaille,\u00a0les poissons et les autres animaux comestibles ; les c\u00e9r\u00e9ales\u00a0; les semences, les engrais, les mat\u00e9riaux de couvertures v\u00e9g\u00e9tales, grains, les tubercules et les oignons \u00e0 planter, les plantes vivantes, les boutures, les greffons, les fleurs coup\u00e9es et les rameaux en bouquets, en couronnes, nourritures et liti\u00e8res pour animaux, les prestations li\u00e9es \u00e0 l\u2019agriculture \u2026<\/p><p><strong>Taux sp\u00e9cial pour l\u2019h\u00e9bergement :\u00a0<\/strong>c\u2019est un taux de\u00a0<strong>3,7<\/strong>\u00a0<strong>%<\/strong>\u00a0destin\u00e9 au domaine d\u2019h\u00e9bergement comme\u00a0: le logement avec petit-d\u00e9jeuner. Ils sont factur\u00e9s s\u00e9par\u00e9ment.<\/p>\t\t\t\t\t\t\t\t<\/div>\n\t\t\t\t<\/div>\n\t\t\t\t<div class=\"elementor-element elementor-element-61636f4 elementor-widget elementor-widget-heading\" data-id=\"61636f4\" data-element_type=\"widget\" data-e-type=\"widget\" data-widget_type=\"heading.default\">\n\t\t\t\t<div class=\"elementor-widget-container\">\n\t\t\t\t\t<h2 class=\"elementor-heading-title elementor-size-default\">Comment calculer la TVA Suisse ?<\/h2>\t\t\t\t<\/div>\n\t\t\t\t<\/div>\n\t\t\t\t<div class=\"elementor-element elementor-element-f0a4a03 elementor-widget elementor-widget-text-editor\" data-id=\"f0a4a03\" data-element_type=\"widget\" data-e-type=\"widget\" data-widget_type=\"text-editor.default\">\n\t\t\t\t<div class=\"elementor-widget-container\">\n\t\t\t\t\t\t\t\t\t<p>Pour faciliter le d\u00e9compte de votre TVA, vous pouvez utiliser un logiciel adapt\u00e9 \u00e0 vos besoins comme Swiss21 et r\u00e9aliser le d\u00e9compte TVA en ligne. Ce serait plus pratique. Vous gagnerez en temps et en argent.<\/p><p>La TVA varie selon le produit et service. Le taux normal de la TVA pour les biens et de services est de 7,7 % du prix de vente en Suisse.<\/p><p>Les formules suivantes permettent de calculer le TVA\u00a0:<\/p><p><strong>Calcul du montant toutes taxes compris (TTC) \u00e0 partir d\u2019un prix hors taxe (HT)<\/strong>\u00a0:<\/p><ul><li><strong>Avec un taux normal de TVA 7,7 %,<\/strong>\u00a0il faudra multiplier la somme HT par 1,077.<\/li><li><strong>Avec un taux interm\u00e9diaire 3,7 %,<\/strong>\u00a0il faudra multiplier la somme HT par 1,037.<\/li><li><strong>Avec le taux r\u00e9duit (2,5%),\u00a0<\/strong>pour convertir un prix HT en TCC, il faut multiplier par 1,025<\/li><\/ul><h4>Calcul du montant HT \u00e0 partir d\u2019un prix TTC\u00a0:<\/h4><ul><li>Si on applique un taux normal 7,7 %, il faut diviser le prix TTC par\u00a0<strong>1,077<\/strong>\u00a0pour obtenir le prix HT.<\/li><li>Si on applique un taux interm\u00e9diaire de 3,7 %, il faut diviser le prix TTC par\u00a0<strong>1,037<\/strong>\u00a0pour obtenir le prix HT<\/li><li>Si on utilise le taux r\u00e9duit 2,5 %, alors, il faut diviser par\u00a0<strong>1, 025<\/strong>.<\/li><\/ul>\t\t\t\t\t\t\t\t<\/div>\n\t\t\t\t<\/div>\n\t\t\t\t<div class=\"elementor-element elementor-element-72a52d3 elementor-widget elementor-widget-heading\" data-id=\"72a52d3\" data-element_type=\"widget\" data-e-type=\"widget\" data-widget_type=\"heading.default\">\n\t\t\t\t<div class=\"elementor-widget-container\">\n\t\t\t\t\t<h2 class=\"elementor-heading-title elementor-size-default\">L\u2019utilit\u00e9 d\u2019un num\u00e9ro de TVA et d\u2019un num\u00e9ro IDE<\/h2>\t\t\t\t<\/div>\n\t\t\t\t<\/div>\n\t\t\t\t<div class=\"elementor-element elementor-element-abe5aae elementor-widget elementor-widget-text-editor\" data-id=\"abe5aae\" data-element_type=\"widget\" data-e-type=\"widget\" data-widget_type=\"text-editor.default\">\n\t\t\t\t<div class=\"elementor-widget-container\">\n\t\t\t\t\t\t\t\t\t<p>Le num\u00e9ro de TVA est un \u00e9l\u00e9ment important \u00e0 indiquer sur les factures de l\u2019entreprise. La loi r\u00e9gissant la taxe sur la valeur ajout\u00e9e exige qu\u2019il soit mentionn\u00e9 sur les factures. Il est compos\u00e9 du num\u00e9ro d\u2019identification de l\u2019entreprise ou IDE et du compl\u00e9ment \u00ab\u00a0TVA\u00a0\u00bb. Toutes les entreprises en Suisse doivent disposer d\u2019un num\u00e9ro IDE.<\/p><p>Voici un exemple de num\u00e9ro de TVA\u00a0: CHE-321.456.987 TVA<\/p><p><strong>Qu\u2019est ce qu\u2019un IDE\u00a0?<\/strong><\/p><p>Il s\u2019agit d\u2019un num\u00e9ro unique que les entreprises en Suisse doivent poss\u00e9der car il permet de les identifier aupr\u00e8s de tous les services administratifs lors des op\u00e9rations administratives. C\u2019est de cette mani\u00e8re que les milieux \u00e9conomiques et les milieux administratifs s\u2019\u00e9changent des donn\u00e9es avec efficacit\u00e9 et fiabilit\u00e9.<\/p>\t\t\t\t\t\t\t\t<\/div>\n\t\t\t\t<\/div>\n\t\t\t\t\t<\/div>\n\t\t\t\t<\/div>\n\t\t<div class=\"elementor-element elementor-element-55a5638 e-flex e-con-boxed e-con e-parent\" data-id=\"55a5638\" data-element_type=\"container\" data-e-type=\"container\">\n\t\t\t\t\t<div class=\"e-con-inner\">\n\t\t\t\t<div class=\"elementor-element elementor-element-2b124b2 elementor-widget elementor-widget-spacer\" data-id=\"2b124b2\" data-element_type=\"widget\" data-e-type=\"widget\" data-widget_type=\"spacer.default\">\n\t\t\t\t<div class=\"elementor-widget-container\">\n\t\t\t\t\t\t\t<div class=\"elementor-spacer\">\n\t\t\t<div class=\"elementor-spacer-inner\"><\/div>\n\t\t<\/div>\n\t\t\t\t\t\t<\/div>\n\t\t\t\t<\/div>\n\t\t\t\t\t<\/div>\n\t\t\t\t<\/div>\n\t\t<div class=\"elementor-element elementor-element-39e540a elementor-hidden-tablet elementor-hidden-mobile e-flex e-con-boxed e-con e-parent\" data-id=\"39e540a\" data-element_type=\"container\" data-e-type=\"container\">\n\t\t\t\t\t<div class=\"e-con-inner\">\n\t\t<div class=\"elementor-element elementor-element-020a2cc e-con-full e-flex e-con e-child\" data-id=\"020a2cc\" data-element_type=\"container\" data-e-type=\"container\">\n\t\t\t\t<div class=\"elementor-element elementor-element-5962c2e elementor-widget elementor-widget-image\" data-id=\"5962c2e\" data-element_type=\"widget\" data-e-type=\"widget\" data-widget_type=\"image.default\">\n\t\t\t\t<div class=\"elementor-widget-container\">\n\t\t\t\t\t\t\t\t\t\t\t\t\t\t\t<img decoding=\"async\" width=\"800\" height=\"935\" src=\"https:\/\/swiss21.org\/wp-content\/uploads\/2023\/12\/la-tva-collectee-en-suisse.webp\" class=\"attachment-large size-large wp-image-35432\" alt=\"\" srcset=\"https:\/\/swiss21.org\/wp-content\/uploads\/2023\/12\/la-tva-collectee-en-suisse.webp 800w, https:\/\/swiss21.org\/wp-content\/uploads\/2023\/12\/la-tva-collectee-en-suisse-257x300.webp 257w, https:\/\/swiss21.org\/wp-content\/uploads\/2023\/12\/la-tva-collectee-en-suisse-768x898.webp 768w, https:\/\/swiss21.org\/wp-content\/uploads\/2023\/12\/la-tva-collectee-en-suisse-700x818.webp 700w\" sizes=\"(max-width: 800px) 100vw, 800px\" title=\"\">\t\t\t\t\t\t\t\t\t\t\t\t\t\t\t<\/div>\n\t\t\t\t<\/div>\n\t\t\t\t<\/div>\n\t\t<div class=\"elementor-element elementor-element-e3b143b e-con-full e-flex e-con e-child\" data-id=\"e3b143b\" data-element_type=\"container\" data-e-type=\"container\">\n\t\t\t\t<div class=\"elementor-element elementor-element-6a4e96b elementor-widget elementor-widget-spacer\" data-id=\"6a4e96b\" data-element_type=\"widget\" data-e-type=\"widget\" data-widget_type=\"spacer.default\">\n\t\t\t\t<div class=\"elementor-widget-container\">\n\t\t\t\t\t\t\t<div class=\"elementor-spacer\">\n\t\t\t<div class=\"elementor-spacer-inner\"><\/div>\n\t\t<\/div>\n\t\t\t\t\t\t<\/div>\n\t\t\t\t<\/div>\n\t\t\t\t<div class=\"elementor-element elementor-element-45bcdbd elementor-widget elementor-widget-heading\" data-id=\"45bcdbd\" data-element_type=\"widget\" data-e-type=\"widget\" data-widget_type=\"heading.default\">\n\t\t\t\t<div class=\"elementor-widget-container\">\n\t\t\t\t\t<h2 class=\"elementor-heading-title elementor-size-default\">Qu\u2019est-ce que la TVA collect\u00e9e ?<\/h2>\t\t\t\t<\/div>\n\t\t\t\t<\/div>\n\t\t\t\t<div class=\"elementor-element elementor-element-ce5e5e1 elementor-widget elementor-widget-text-editor\" data-id=\"ce5e5e1\" data-element_type=\"widget\" data-e-type=\"widget\" data-widget_type=\"text-editor.default\">\n\t\t\t\t<div class=\"elementor-widget-container\">\n\t\t\t\t\t\t\t\t\t<p>La TVA collect\u00e9e est le montant de TVA et de HT factur\u00e9 par l\u2019entreprise pendant une vente. C\u2019est au client de le payer lorsqu\u2019il effectue l\u2019achat d\u2019un bien et de service. Ce montant sera ensuite collect\u00e9 et vers\u00e9 par l\u2019entreprise aupr\u00e8s du Tr\u00e9sor Public chaque mois ou chaque trimestre. Donc l\u2019entreprise n\u2019est que l\u2019interm\u00e9diaire.<\/p><p>La TVA collect\u00e9e est calcul\u00e9e \u00e0 partir\u00a0: du prix de vente\u00a0; des frais accessoires comme les commissions ou encore les frais d\u2019assurance\u2009; les imp\u00f4ts, pr\u00e9l\u00e8vements, ou les taxes\u2026<\/p><p>Calcul de la TVA collect\u00e9e, il faut appliquer la formule\u00a0:<\/p><ul><li>TVA collect\u00e9e = Prix de vente hors taxe\u00a0\u2715 \u00a0Taux de TVA.<\/li><\/ul>\t\t\t\t\t\t\t\t<\/div>\n\t\t\t\t<\/div>\n\t\t\t\t<\/div>\n\t\t\t\t\t<\/div>\n\t\t\t\t<\/div>\n\t\t<div class=\"elementor-element elementor-element-7208f82 e-flex e-con-boxed e-con e-parent\" data-id=\"7208f82\" data-element_type=\"container\" data-e-type=\"container\">\n\t\t\t\t\t<div class=\"e-con-inner\">\n\t\t\t\t<div class=\"elementor-element elementor-element-a9240f2 elementor-widget elementor-widget-spacer\" data-id=\"a9240f2\" data-element_type=\"widget\" data-e-type=\"widget\" data-widget_type=\"spacer.default\">\n\t\t\t\t<div class=\"elementor-widget-container\">\n\t\t\t\t\t\t\t<div class=\"elementor-spacer\">\n\t\t\t<div class=\"elementor-spacer-inner\"><\/div>\n\t\t<\/div>\n\t\t\t\t\t\t<\/div>\n\t\t\t\t<\/div>\n\t\t\t\t\t<\/div>\n\t\t\t\t<\/div>\n\t\t<div class=\"elementor-element elementor-element-ef8dc17 e-flex e-con-boxed e-con e-parent\" data-id=\"ef8dc17\" data-element_type=\"container\" data-e-type=\"container\">\n\t\t\t\t\t<div class=\"e-con-inner\">\n\t\t\t\t<div class=\"elementor-element elementor-element-e8b9ee0 elementor-widget elementor-widget-heading\" data-id=\"e8b9ee0\" data-element_type=\"widget\" data-e-type=\"widget\" data-widget_type=\"heading.default\">\n\t\t\t\t<div class=\"elementor-widget-container\">\n\t\t\t\t\t<h2 class=\"elementor-heading-title elementor-size-default\">La TVA d\u00e9ductible, c\u2019est quoi ?<\/h2>\t\t\t\t<\/div>\n\t\t\t\t<\/div>\n\t\t\t\t<div class=\"elementor-element elementor-element-edec1ac elementor-widget elementor-widget-text-editor\" data-id=\"edec1ac\" data-element_type=\"widget\" data-e-type=\"widget\" data-widget_type=\"text-editor.default\">\n\t\t\t\t<div class=\"elementor-widget-container\">\n\t\t\t\t\t\t\t\t\t<p>C\u2019est le montant pay\u00e9 par l\u2019entreprise \u00e0 son fournisseur lors d\u2019un achat dans le cadre de son activit\u00e9 personnelle. Le montant li\u00e9 \u00e0 cette TVA est r\u00e9cup\u00e9rable et sera d\u00e9duite de la TVA que l\u2019entreprise doit payer \u00e0 l\u2019Etat. Pour que ce montant soit d\u00e9duit de la TVA, il est tr\u00e8s important de pr\u00e9ciser le montant de TVA d\u00e9ductible au cours de la d\u00e9claration aupr\u00e8s des autorit\u00e9s fiscales. Sinon, il ne sera pas r\u00e9cup\u00e9rable. La TVA repose donc sur un syst\u00e8me de collecte et de d\u00e9duction.<\/p><p>Cela concerne uniquement les d\u00e9penses professionnelles comme\u00a0: les mati\u00e8res premi\u00e8res, fournitures de bureau, etc.<\/p><p>Pour pouvoir faire le calcul de la TVA d\u00e9ductible, les donn\u00e9es \u00e0 conna\u00eetre sont\u00a0: le taux de TVA, la base hors taxes (HT).<\/p><p>Apr\u00e8s avoir d\u00e9fini ces donn\u00e9es, voici la formule \u00e0 appliquer pour trouver le montant TVA d\u00e9ductible\u00a0:<\/p><p>Taux de TVA\u00a0\u2715\u00a0base HT<\/p>\t\t\t\t\t\t\t\t<\/div>\n\t\t\t\t<\/div>\n\t\t\t\t\t<\/div>\n\t\t\t\t<\/div>\n\t\t<div class=\"elementor-element elementor-element-6cd5a15 e-flex e-con-boxed e-con e-parent\" data-id=\"6cd5a15\" data-element_type=\"container\" data-e-type=\"container\">\n\t\t\t\t\t<div class=\"e-con-inner\">\n\t\t\t\t<div class=\"elementor-element elementor-element-8a39040 elementor-widget elementor-widget-spacer\" data-id=\"8a39040\" data-element_type=\"widget\" data-e-type=\"widget\" data-widget_type=\"spacer.default\">\n\t\t\t\t<div class=\"elementor-widget-container\">\n\t\t\t\t\t\t\t<div class=\"elementor-spacer\">\n\t\t\t<div class=\"elementor-spacer-inner\"><\/div>\n\t\t<\/div>\n\t\t\t\t\t\t<\/div>\n\t\t\t\t<\/div>\n\t\t\t\t\t<\/div>\n\t\t\t\t<\/div>\n\t\t<div class=\"elementor-element elementor-element-8c6ef9d elementor-hidden-mobile e-flex e-con-boxed e-con e-child\" data-id=\"8c6ef9d\" data-element_type=\"container\" data-e-type=\"container\">\n\t\t\t\t\t<div class=\"e-con-inner\">\n\t\t\t\t<div class=\"elementor-element elementor-element-ffeb8d6 elementor-widget elementor-widget-author-box\" data-id=\"ffeb8d6\" data-element_type=\"widget\" data-e-type=\"widget\" data-widget_type=\"author-box.default\">\n\t\t\t\t<div class=\"elementor-widget-container\">\n\t\t\t\t\t\t\t<div class=\"elementor-author-box\">\n\t\t\t\t\t\t\t<div  class=\"elementor-author-box__avatar\">\n\t\t\t\t\t<img decoding=\"async\" src=\"https:\/\/swiss21.org\/wp-content\/uploads\/2023\/12\/Piero_Papis-1.webp\" alt=\"Image de Piero Papis\" loading=\"lazy\" title=\"\">\n\t\t\t\t<\/div>\n\t\t\t\n\t\t\t<div class=\"elementor-author-box__text\">\n\t\t\t\t\t\t\t\t\t<div >\n\t\t\t\t\t\t<span class=\"elementor-author-box__name\">\n\t\t\t\t\t\t\tPiero Papis\t\t\t\t\t\t<\/span>\n\t\t\t\t\t<\/div>\n\t\t\t\t\n\t\t\t\t\t\t\t\t\t<div class=\"elementor-author-box__bio\">\n\t\t\t\t\t\t<p>Piero est un expert en marketing digital ainsi qu\u2019en e-commerce. Il est sp\u00e9cialis\u00e9 en SEO (Recherche Organique) ainsi que tout ce qui touche au CRM et au E-Commerce.<\/p>\n<p>Il est responsable digital et des publicit\u00e9s Google chez Swiss21 ainsi que de toute la pr\u00e9sence en ligne. Si vous atterrissez sur cet article, c\u2019est probablement gr\u00e2ce \u00e0 Piero! Nous esp\u00e9rons que cet article r\u00e9pondra \u00e0 vos besoins et on se r\u00e9jouit de revenir vers vous avec un nouveau sujet !<\/p>\n\t\t\t\t\t<\/div>\n\t\t\t\t\n\t\t\t\t\t\t\t<\/div>\n\t\t<\/div>\n\t\t\t\t\t\t<\/div>\n\t\t\t\t<\/div>\n\t\t\t\t<div class=\"elementor-element elementor-element-df91515 e-grid-align-right elementor-shape-rounded elementor-grid-0 elementor-widget elementor-widget-social-icons\" data-id=\"df91515\" data-element_type=\"widget\" data-e-type=\"widget\" data-widget_type=\"social-icons.default\">\n\t\t\t\t<div class=\"elementor-widget-container\">\n\t\t\t\t\t\t\t<div class=\"elementor-social-icons-wrapper elementor-grid\">\n\t\t\t\t\t\t\t<span class=\"elementor-grid-item\">\n\t\t\t\t\t<a class=\"elementor-icon elementor-social-icon elementor-social-icon-twitter elementor-repeater-item-074e014\" href=\"https:\/\/www.linkedin.com\/in\/piero-papis\/\" target=\"_blank\" rel=\"noopener\">\n\t\t\t\t\t\t<span class=\"elementor-screen-only\">Twitter<\/span>\n\t\t\t\t\t\t<i aria-hidden=\"true\" class=\"fab fa-twitter\"><\/i>\t\t\t\t\t<\/a>\n\t\t\t\t<\/span>\n\t\t\t\t\t<\/div>\n\t\t\t\t\t\t<\/div>\n\t\t\t\t<\/div>\n\t\t\t\t\t<\/div>\n\t\t\t\t<\/div>\n\t\t<div class=\"elementor-element elementor-element-771ee6b e-flex e-con-boxed e-con e-parent\" data-id=\"771ee6b\" data-element_type=\"container\" data-e-type=\"container\">\n\t\t\t\t\t<div class=\"e-con-inner\">\n\t\t\t\t<div class=\"elementor-element elementor-element-e8ab83f elementor-widget elementor-widget-spacer\" data-id=\"e8ab83f\" data-element_type=\"widget\" data-e-type=\"widget\" data-widget_type=\"spacer.default\">\n\t\t\t\t<div class=\"elementor-widget-container\">\n\t\t\t\t\t\t\t<div class=\"elementor-spacer\">\n\t\t\t<div class=\"elementor-spacer-inner\"><\/div>\n\t\t<\/div>\n\t\t\t\t\t\t<\/div>\n\t\t\t\t<\/div>\n\t\t\t\t\t<\/div>\n\t\t\t\t<\/div>\n\t\t<div class=\"elementor-element elementor-element-86eb60e e-flex e-con-boxed e-con e-parent\" data-id=\"86eb60e\" data-element_type=\"container\" data-e-type=\"container\">\n\t\t\t\t\t<div class=\"e-con-inner\">\n\t\t\t\t<div class=\"elementor-element elementor-element-ff0d981 elementor-widget elementor-widget-qi_addons_for_elementor_blog_list\" data-id=\"ff0d981\" data-element_type=\"widget\" data-e-type=\"widget\" data-widget_type=\"qi_addons_for_elementor_blog_list.default\">\n\t\t\t\t<div class=\"elementor-widget-container\">\n\t\t\t\t\t<div class=\"qodef-shortcode qodef-m qodef-addons-blog-list qodef-info-no-icons qodef-image--hover-zoom qodef-qi-grid qodef-layout--qi-columns qodef-col-num--3 qodef-item-layout--boxed qodef-responsive--predefined\" >\n\t<div class=\"qodef-grid-inner\">\n\t\t<article class=\"qodef-e qodef-blog-item qodef-grid-item qodef-item--full post-44751 post type-post status-publish format-standard has-post-thumbnail hentry\">\n\t<div class=\"qodef-e-inner\">\n\t\t<div class=\"qodef-e-media-holder\">\n\t\t\t<div class=\"qodef-e-media\">\n\t\t<div class=\"qodef-e-media-image\">\n\t\t<a itemprop=\"url\" href=\"https:\/\/swiss21.org\/fr\/heures-travail-supplementaire-suisse-explication\/\">\n\t\t\t<img decoding=\"async\" width=\"1920\" height=\"1080\" src=\"https:\/\/swiss21.org\/wp-content\/uploads\/2023\/12\/Heures_supplementaires_Header-1.webp\" class=\"attachment-full size-full\" alt=\"\" srcset=\"https:\/\/swiss21.org\/wp-content\/uploads\/2023\/12\/Heures_supplementaires_Header-1.webp 1920w, https:\/\/swiss21.org\/wp-content\/uploads\/2023\/12\/Heures_supplementaires_Header-1-300x169.webp 300w, https:\/\/swiss21.org\/wp-content\/uploads\/2023\/12\/Heures_supplementaires_Header-1-1024x576.webp 1024w, https:\/\/swiss21.org\/wp-content\/uploads\/2023\/12\/Heures_supplementaires_Header-1-768x432.webp 768w, https:\/\/swiss21.org\/wp-content\/uploads\/2023\/12\/Heures_supplementaires_Header-1-1536x864.webp 1536w, https:\/\/swiss21.org\/wp-content\/uploads\/2023\/12\/Heures_supplementaires_Header-1-700x394.webp 700w, https:\/\/swiss21.org\/wp-content\/uploads\/2023\/12\/Heures_supplementaires_Header-1-539x303.webp 539w\" sizes=\"(max-width: 1920px) 100vw, 1920px\" title=\"\">\t\t<\/a>\n\t\t\t<\/div>\n<\/div>\n<div itemprop=\"dateCreated\" class=\"qodef-e-info-item qodef-e-info-date entry-date \">\n\t<a itemprop=\"url\" href=\"https:\/\/swiss21.org\/fr\/2026\/04\/\">\n\t\t22 Avr\t<\/a>\n<\/div>\n\t\t<\/div>\n\t\t<div class=\"qodef-e-content\">\n\t\t\t\t\t\t\t<div class=\"qodef-e-info qodef-info--top\">\n\t\t\t\t\t<div class=\"qodef-e-info-item qodef-e-info-category\">\n\t\tNon class\u00e9<\/div>\n\t\t\t\t<\/div>\n\t\t\t\t\t\t<div class=\"qodef-e-text\">\n\t\t\t\t<h3 itemprop=\"name\" class=\"qodef-e-title entry-title\">\n\t<a itemprop=\"url\" class=\"qodef-e-title-link\" href=\"https:\/\/swiss21.org\/fr\/heures-travail-supplementaire-suisse-explication\/\">\n\t\tHeures suppl\u00e9mentaires et travail suppl\u00e9mentaire en Suisse \u2013 une explication simple pour les PME\t<\/a>\n<\/h3>\n\t\t<p itemprop=\"description\" class=\"qodef-e-excerpt\">\n\t\t\tHeures suppl\u00e9mentaires et travail suppl\u00e9mentaire en Suisse \u2013 une explication simple pour les PME Mis \u00e0 jour...\t\t<\/p>\n\t\t\t\t<\/div>\n\t\t\t\t\t\t\t<div class=\"qodef-e-info qodef-info--bottom\">\n\t\t\t\t\t\t<div class=\"qodef-e-read-more\">\n\t\t<a class=\"qodef-shortcode qodef-m qodef-qi-button qodef-html--link qodef-layout--textual qodef-type--standard qodef-icon--right qodef-hover--icon-move-horizontal-short qodef-text-underline qodef-underline--left\" href=\"https:\/\/swiss21.org\/fr\/heures-travail-supplementaire-suisse-explication\/\" target=\"_self\">\t<span class=\"qodef-m-text\">WEITERLESEN<\/span>\t<\/a>\t<\/div>\n\t\t\t\t<\/div>\n\t\t\t\t\t<\/div>\n\t<\/div>\n<\/article>\n<article class=\"qodef-e qodef-blog-item qodef-grid-item qodef-item--full post-48827 post type-post status-publish format-standard has-post-thumbnail hentry category-communique-de-presse\">\n\t<div class=\"qodef-e-inner\">\n\t\t<div class=\"qodef-e-media-holder\">\n\t\t\t<div class=\"qodef-e-media\">\n\t\t<div class=\"qodef-e-media-image\">\n\t\t<a itemprop=\"url\" href=\"https:\/\/swiss21.org\/fr\/swiss21-x-yes-ensemble-pour-encourager-lesprit-dentreprise-de-demain\/\">\n\t\t\t<img loading=\"lazy\" decoding=\"async\" width=\"1024\" height=\"683\" src=\"https:\/\/swiss21.org\/wp-content\/uploads\/2026\/03\/yes-swiss21-partnership1.jpg\" class=\"attachment-full size-full\" alt=\"Swiss21 x YES\" srcset=\"https:\/\/swiss21.org\/wp-content\/uploads\/2026\/03\/yes-swiss21-partnership1.jpg 1024w, https:\/\/swiss21.org\/wp-content\/uploads\/2026\/03\/yes-swiss21-partnership1-300x200.jpg 300w, https:\/\/swiss21.org\/wp-content\/uploads\/2026\/03\/yes-swiss21-partnership1-768x512.jpg 768w, https:\/\/swiss21.org\/wp-content\/uploads\/2026\/03\/yes-swiss21-partnership1-700x467.jpg 700w\" sizes=\"(max-width: 1024px) 100vw, 1024px\" title=\"\">\t\t<\/a>\n\t\t\t<\/div>\n<\/div>\n<div itemprop=\"dateCreated\" class=\"qodef-e-info-item qodef-e-info-date entry-date \">\n\t<a itemprop=\"url\" href=\"https:\/\/swiss21.org\/fr\/2026\/03\/\">\n\t\t12 Mar\t<\/a>\n<\/div>\n\t\t<\/div>\n\t\t<div class=\"qodef-e-content\">\n\t\t\t\t\t\t\t<div class=\"qodef-e-info qodef-info--top\">\n\t\t\t\t\t<div class=\"qodef-e-info-item qodef-e-info-category\">\n\t\t<a href=\"https:\/\/swiss21.org\/fr\/communique-de-presse\/\" rel=\"category tag\">Communiqu\u00e9 de presse<\/a><\/div>\n\t\t\t\t<\/div>\n\t\t\t\t\t\t<div class=\"qodef-e-text\">\n\t\t\t\t<h3 itemprop=\"name\" class=\"qodef-e-title entry-title\">\n\t<a itemprop=\"url\" class=\"qodef-e-title-link\" href=\"https:\/\/swiss21.org\/fr\/swiss21-x-yes-ensemble-pour-encourager-lesprit-dentreprise-de-demain\/\">\n\t\tSwiss21 x YES &#8211; Ensemble pour encourager l&#8217;esprit d&#8217;entreprise de demain\t<\/a>\n<\/h3>\n\t\t<p itemprop=\"description\" class=\"qodef-e-excerpt\">\n\t\t\tSwiss21 x YES \u2013 Ensemble pour encourager l&#8217;esprit d&#8217;entreprise de demain 12.03.2026 Depuis de nombreuses ann\u00e9es, Swiss21...\t\t<\/p>\n\t\t\t\t<\/div>\n\t\t\t\t\t\t\t<div class=\"qodef-e-info qodef-info--bottom\">\n\t\t\t\t\t\t<div class=\"qodef-e-read-more\">\n\t\t<a class=\"qodef-shortcode qodef-m qodef-qi-button qodef-html--link qodef-layout--textual qodef-type--standard qodef-icon--right qodef-hover--icon-move-horizontal-short qodef-text-underline qodef-underline--left\" href=\"https:\/\/swiss21.org\/fr\/swiss21-x-yes-ensemble-pour-encourager-lesprit-dentreprise-de-demain\/\" target=\"_self\">\t<span class=\"qodef-m-text\">WEITERLESEN<\/span>\t<\/a>\t<\/div>\n\t\t\t\t<\/div>\n\t\t\t\t\t<\/div>\n\t<\/div>\n<\/article>\n<article class=\"qodef-e qodef-blog-item qodef-grid-item qodef-item--full post-47628 post type-post status-publish format-standard has-post-thumbnail hentry category-numerisation\">\n\t<div class=\"qodef-e-inner\">\n\t\t<div class=\"qodef-e-media-holder\">\n\t\t\t<div class=\"qodef-e-media\">\n\t\t<div class=\"qodef-e-media-image\">\n\t\t<a itemprop=\"url\" href=\"https:\/\/swiss21.org\/fr\/envoyez-fiches-de-paie-deepmail-abasalary\/\">\n\t\t\t<img loading=\"lazy\" decoding=\"async\" width=\"2560\" height=\"1440\" src=\"https:\/\/swiss21.org\/wp-content\/uploads\/2026\/01\/deepmail-abasalary-swiss21-2.webp\" class=\"attachment-full size-full\" alt=\"DeepMail\" srcset=\"https:\/\/swiss21.org\/wp-content\/uploads\/2026\/01\/deepmail-abasalary-swiss21-2.webp 2560w, https:\/\/swiss21.org\/wp-content\/uploads\/2026\/01\/deepmail-abasalary-swiss21-2-300x169.webp 300w, https:\/\/swiss21.org\/wp-content\/uploads\/2026\/01\/deepmail-abasalary-swiss21-2-1024x576.webp 1024w, https:\/\/swiss21.org\/wp-content\/uploads\/2026\/01\/deepmail-abasalary-swiss21-2-768x432.webp 768w, https:\/\/swiss21.org\/wp-content\/uploads\/2026\/01\/deepmail-abasalary-swiss21-2-1536x864.webp 1536w, https:\/\/swiss21.org\/wp-content\/uploads\/2026\/01\/deepmail-abasalary-swiss21-2-2048x1152.webp 2048w, https:\/\/swiss21.org\/wp-content\/uploads\/2026\/01\/deepmail-abasalary-swiss21-2-700x394.webp 700w, https:\/\/swiss21.org\/wp-content\/uploads\/2026\/01\/deepmail-abasalary-swiss21-2-539x303.webp 539w\" sizes=\"(max-width: 2560px) 100vw, 2560px\" title=\"\">\t\t<\/a>\n\t\t\t<\/div>\n<\/div>\n<div itemprop=\"dateCreated\" class=\"qodef-e-info-item qodef-e-info-date entry-date \">\n\t<a itemprop=\"url\" href=\"https:\/\/swiss21.org\/fr\/2026\/02\/\">\n\t\t6 F\u00e9v\t<\/a>\n<\/div>\n\t\t<\/div>\n\t\t<div class=\"qodef-e-content\">\n\t\t\t\t\t\t\t<div class=\"qodef-e-info qodef-info--top\">\n\t\t\t\t\t<div class=\"qodef-e-info-item qodef-e-info-category\">\n\t\t<a href=\"https:\/\/swiss21.org\/fr\/numerisation\/\" rel=\"category tag\">Num\u00e9risation<\/a><\/div>\n\t\t\t\t<\/div>\n\t\t\t\t\t\t<div class=\"qodef-e-text\">\n\t\t\t\t<h3 itemprop=\"name\" class=\"qodef-e-title entry-title\">\n\t<a itemprop=\"url\" class=\"qodef-e-title-link\" href=\"https:\/\/swiss21.org\/fr\/envoyez-fiches-de-paie-deepmail-abasalary\/\">\n\t\tEnvoyez vos fiches de paie en toute s\u00e9curit\u00e9 avec DeepMail et 21.AbaSalary\t<\/a>\n<\/h3>\n\t\t<p itemprop=\"description\" class=\"qodef-e-excerpt\">\n\t\t\tEnvoyez vos fiches de paie en toute s\u00e9curit\u00e9 avec DeepMail et 21.AbaSalary 06.02.2026 Envoyer des documents sensibles...\t\t<\/p>\n\t\t\t\t<\/div>\n\t\t\t\t\t\t\t<div class=\"qodef-e-info qodef-info--bottom\">\n\t\t\t\t\t\t<div class=\"qodef-e-read-more\">\n\t\t<a class=\"qodef-shortcode qodef-m qodef-qi-button qodef-html--link qodef-layout--textual qodef-type--standard qodef-icon--right qodef-hover--icon-move-horizontal-short qodef-text-underline qodef-underline--left\" href=\"https:\/\/swiss21.org\/fr\/envoyez-fiches-de-paie-deepmail-abasalary\/\" target=\"_self\">\t<span class=\"qodef-m-text\">WEITERLESEN<\/span>\t<\/a>\t<\/div>\n\t\t\t\t<\/div>\n\t\t\t\t\t<\/div>\n\t<\/div>\n<\/article>\n\t<\/div>\n\t<\/div>\n\t\t\t\t<\/div>\n\t\t\t\t<\/div>\n\t\t\t\t\t<\/div>\n\t\t\t\t<\/div>\n\t\t\t\t<\/div>\n\t\t","protected":false},"excerpt":{"rendered":"<p>Comment fonctionne la TVA en Suisse? Pour comprendre son fonctionnement en Suisse, voici quelques points importants \u00e0&#8230;<\/p>\n","protected":false},"author":9,"featured_media":42055,"comment_status":"open","ping_status":"open","sticky":false,"template":"","format":"standard","meta":{"_acf_changed":false,"footnotes":""},"categories":[48],"tags":[],"class_list":["post-44756","post","type-post","status-publish","format-standard","has-post-thumbnail","hentry","category-non-classifiee"],"acf":[],"_links":{"self":[{"href":"https:\/\/swiss21.org\/fr\/wp-json\/wp\/v2\/posts\/44756","targetHints":{"allow":["GET"]}}],"collection":[{"href":"https:\/\/swiss21.org\/fr\/wp-json\/wp\/v2\/posts"}],"about":[{"href":"https:\/\/swiss21.org\/fr\/wp-json\/wp\/v2\/types\/post"}],"author":[{"embeddable":true,"href":"https:\/\/swiss21.org\/fr\/wp-json\/wp\/v2\/users\/9"}],"replies":[{"embeddable":true,"href":"https:\/\/swiss21.org\/fr\/wp-json\/wp\/v2\/comments?post=44756"}],"version-history":[{"count":0,"href":"https:\/\/swiss21.org\/fr\/wp-json\/wp\/v2\/posts\/44756\/revisions"}],"wp:featuredmedia":[{"embeddable":true,"href":"https:\/\/swiss21.org\/fr\/wp-json\/wp\/v2\/media\/42055"}],"wp:attachment":[{"href":"https:\/\/swiss21.org\/fr\/wp-json\/wp\/v2\/media?parent=44756"}],"wp:term":[{"taxonomy":"category","embeddable":true,"href":"https:\/\/swiss21.org\/fr\/wp-json\/wp\/v2\/categories?post=44756"},{"taxonomy":"post_tag","embeddable":true,"href":"https:\/\/swiss21.org\/fr\/wp-json\/wp\/v2\/tags?post=44756"}],"curies":[{"name":"wp","href":"https:\/\/api.w.org\/{rel}","templated":true}]}}