{"id":44767,"date":"2023-10-04T10:15:00","date_gmt":"2023-10-04T08:15:00","guid":{"rendered":"https:\/\/swiss21.org\/?p=44767"},"modified":"2024-03-29T08:44:59","modified_gmt":"2024-03-29T07:44:59","slug":"dix-indicateurs-pour-votre-entreprise","status":"publish","type":"post","link":"https:\/\/swiss21.org\/fr\/dix-indicateurs-pour-votre-entreprise\/","title":{"rendered":"Les dix indicateurs les plus importants pour votre entreprise"},"content":{"rendered":"\t\t<div data-elementor-type=\"wp-post\" data-elementor-id=\"44767\" class=\"elementor elementor-44767 elementor-29973\" data-elementor-post-type=\"post\">\n\t\t\t\t<div class=\"elementor-element elementor-element-fe07768 e-flex e-con-boxed e-con e-parent\" data-id=\"fe07768\" data-element_type=\"container\" data-e-type=\"container\">\n\t\t\t\t\t<div class=\"e-con-inner\">\n\t\t\t\t<div class=\"elementor-element elementor-element-ec3e3ed elementor-widget elementor-widget-heading\" data-id=\"ec3e3ed\" data-element_type=\"widget\" data-e-type=\"widget\" data-widget_type=\"heading.default\">\n\t\t\t\t<div class=\"elementor-widget-container\">\n\t\t\t\t\t<h1 class=\"elementor-heading-title elementor-size-default\">Les dix indicateurs les plus importants pour votre entreprise<\/h1>\t\t\t\t<\/div>\n\t\t\t\t<\/div>\n\t\t\t\t<div class=\"elementor-element elementor-element-23b9331 elementor-widget elementor-widget-text-editor\" data-id=\"23b9331\" data-element_type=\"widget\" data-e-type=\"widget\" data-widget_type=\"text-editor.default\">\n\t\t\t\t<div class=\"elementor-widget-container\">\n\t\t\t\t\t\t\t\t\t<p>Ils apparaissent au plus tard \u00e0 l\u2019heure du bilan : Les chiffres cl\u00e9s de l\u2019entreprise. Mais qu\u2019est-ce qu\u2019un ratio et que peut-il nous apprendre sur la marge d\u2019exploitation ou le rendement des actifs ?<\/p><p>Quels sont les indicateurs pertinents pour moi et la marge op\u00e9rationnelle est-elle trop faible pour passer \u00e0 l\u2019\u00e9tape suivante du d\u00e9veloppement de l\u2019entreprise et continuer \u00e0 investir?<\/p><p>Vous trouverez ici, en bref, toutes les informations que votre comptable financier vous a cach\u00e9es jusqu\u2019\u00e0 pr\u00e9sent !<\/p>\t\t\t\t\t\t\t\t<\/div>\n\t\t\t\t<\/div>\n\t\t\t\t\t<\/div>\n\t\t\t\t<\/div>\n\t\t<div class=\"elementor-element elementor-element-93a8788 e-flex e-con-boxed e-con e-parent\" data-id=\"93a8788\" data-element_type=\"container\" data-e-type=\"container\">\n\t\t\t\t\t<div class=\"e-con-inner\">\n\t\t\t\t<div class=\"elementor-element elementor-element-3fb5de5 elementor-widget elementor-widget-image\" data-id=\"3fb5de5\" data-element_type=\"widget\" data-e-type=\"widget\" data-widget_type=\"image.default\">\n\t\t\t\t<div class=\"elementor-widget-container\">\n\t\t\t\t\t\t\t\t\t\t\t\t\t\t\t<img fetchpriority=\"high\" decoding=\"async\" width=\"1024\" height=\"576\" src=\"https:\/\/swiss21.org\/wp-content\/uploads\/2023\/10\/Leistungsindikatoren-1024x576.webp\" class=\"attachment-large size-large wp-image-33185\" alt=\"\" srcset=\"https:\/\/swiss21.org\/wp-content\/uploads\/2023\/10\/Leistungsindikatoren-1024x576.webp 1024w, https:\/\/swiss21.org\/wp-content\/uploads\/2023\/10\/Leistungsindikatoren-300x169.webp 300w, https:\/\/swiss21.org\/wp-content\/uploads\/2023\/10\/Leistungsindikatoren-768x432.webp 768w, https:\/\/swiss21.org\/wp-content\/uploads\/2023\/10\/Leistungsindikatoren-1536x864.webp 1536w, https:\/\/swiss21.org\/wp-content\/uploads\/2023\/10\/Leistungsindikatoren-700x394.webp 700w, https:\/\/swiss21.org\/wp-content\/uploads\/2023\/10\/Leistungsindikatoren-539x303.webp 539w, https:\/\/swiss21.org\/wp-content\/uploads\/2023\/10\/Leistungsindikatoren.webp 1920w\" sizes=\"(max-width: 1024px) 100vw, 1024px\" title=\"\">\t\t\t\t\t\t\t\t\t\t\t\t\t\t\t<\/div>\n\t\t\t\t<\/div>\n\t\t\t\t\t<\/div>\n\t\t\t\t<\/div>\n\t\t<div class=\"elementor-element elementor-element-0f07a70 e-flex e-con-boxed e-con e-parent\" data-id=\"0f07a70\" data-element_type=\"container\" data-e-type=\"container\">\n\t\t\t\t\t<div class=\"e-con-inner\">\n\t\t\t\t<div class=\"elementor-element elementor-element-a241f85 elementor-widget elementor-widget-heading\" data-id=\"a241f85\" data-element_type=\"widget\" data-e-type=\"widget\" data-widget_type=\"heading.default\">\n\t\t\t\t<div class=\"elementor-widget-container\">\n\t\t\t\t\t<h2 class=\"elementor-heading-title elementor-size-default\">Qu\u2019est-ce qu\u2019un indicateur de performance ?<\/h2>\t\t\t\t<\/div>\n\t\t\t\t<\/div>\n\t\t\t\t<div class=\"elementor-element elementor-element-f579eef elementor-widget elementor-widget-text-editor\" data-id=\"f579eef\" data-element_type=\"widget\" data-e-type=\"widget\" data-widget_type=\"text-editor.default\">\n\t\t\t\t<div class=\"elementor-widget-container\">\n\t\t\t\t\t\t\t\t\t<p>Les indicateurs sont une grandeur de gestion d\u2019entreprise qui permet de reconna\u00eetre et de mesurer le degr\u00e9 de r\u00e9alisation en fonction de l\u2019objectif.<\/p><p>Ils constituent donc un instrument important pour v\u00e9rifier l\u2019avancement d\u2019un projet, ce que l\u2019on appelle la comparaison entre les objectifs et la r\u00e9alit\u00e9.<\/p><p>Pour simplifier, les indicateurs vous permettent donc de savoir o\u00f9 vous en \u00eates en tant qu\u2019entreprise dans une t\u00e2che donn\u00e9e et vous aident ainsi \u00e0 faire le point.<\/p><p>Les indicateurs vous donnent des facteurs de contr\u00f4le et peuvent \u00eatre utiles et utilis\u00e9s comme base pour une prise de d\u00e9cision. Si, par exemple, le total des dettes et des d\u00e9penses esttrop \u00e9lev\u00e9, cela peut donner des indications sur le cadre d\u2019investissement. Les indicateurs sont des valeurs directement mesurables.<\/p>\t\t\t\t\t\t\t\t<\/div>\n\t\t\t\t<\/div>\n\t\t\t\t<div class=\"elementor-element elementor-element-d614e2f elementor-widget elementor-widget-heading\" data-id=\"d614e2f\" data-element_type=\"widget\" data-e-type=\"widget\" data-widget_type=\"heading.default\">\n\t\t\t\t<div class=\"elementor-widget-container\">\n\t\t\t\t\t<h2 class=\"elementor-heading-title elementor-size-default\">Quel est le lien entre un indicateur de performance cl\u00e9 et un KPI ?<\/h2>\t\t\t\t<\/div>\n\t\t\t\t<\/div>\n\t\t\t\t<div class=\"elementor-element elementor-element-91e3821 elementor-widget elementor-widget-text-editor\" data-id=\"91e3821\" data-element_type=\"widget\" data-e-type=\"widget\" data-widget_type=\"text-editor.default\">\n\t\t\t\t<div class=\"elementor-widget-container\">\n\t\t\t\t\t\t\t\t\t<div class=\"et_pb_section et_pb_section_3 et_section_regular\"><div class=\"et_pb_row et_pb_row_3\"><div class=\"et_pb_column et_pb_column_4_4 et_pb_column_3 et_pb_css_mix_blend_mode_passthrough et-last-child\"><div class=\"et_pb_module et_pb_text et_pb_text_2 et_pb_text_align_left et_pb_bg_layout_light\"><div class=\"et_pb_text_inner\"><p>KPI signifie key performance indicator, ce qui se traduit par indicateur de performance cl\u00e9. Un KPI est donc l\u2019ensemble des indicateurs \u00e9conomiques pertinents pour votre entreprise. Selon le secteur et le mod\u00e8le d\u2019entreprise, des indicateurs tr\u00e8s diff\u00e9rents peuvent devenir des KPI.<\/p><\/div><\/div><\/div><\/div><\/div>\t\t\t\t\t\t\t\t<\/div>\n\t\t\t\t<\/div>\n\t\t\t\t<div class=\"elementor-element elementor-element-fcd199d elementor-widget elementor-widget-heading\" data-id=\"fcd199d\" data-element_type=\"widget\" data-e-type=\"widget\" data-widget_type=\"heading.default\">\n\t\t\t\t<div class=\"elementor-widget-container\">\n\t\t\t\t\t<h2 class=\"elementor-heading-title elementor-size-default\">Quand ai-je besoin de ces indicateurs ?<\/h2>\t\t\t\t<\/div>\n\t\t\t\t<\/div>\n\t\t\t\t<div class=\"elementor-element elementor-element-a81526c elementor-widget elementor-widget-text-editor\" data-id=\"a81526c\" data-element_type=\"widget\" data-e-type=\"widget\" data-widget_type=\"text-editor.default\">\n\t\t\t\t<div class=\"elementor-widget-container\">\n\t\t\t\t\t\t\t\t\t<p>Les chiffres cl\u00e9s deviennent de plus en plus importants lorsqu\u2019il s\u2019agit de contr\u00f4le et de bilan, mais ils peuvent \u00e9galement \u00eatre utilis\u00e9s pour prendre des d\u00e9cisions dans le cadre du d\u00e9veloppement de projets.<\/p><p>Les chiffres cl\u00e9s sont tout aussi pertinents lors de l\u2019\u00e9tablissement du compte de r\u00e9sultat, du bilan trimestriel ou de l\u2019examen g\u00e9n\u00e9ral de la situation financi\u00e8re que lors d\u2019une mise \u00e0 jour de l\u2019\u00e9tat d\u2019un projet vis-\u00e0-vis d\u2019un donneur d\u2019ordre ou d\u2019une demande de cr\u00e9dit \u00e0 un \u00e9tablissement financier.<\/p>\t\t\t\t\t\t\t\t<\/div>\n\t\t\t\t<\/div>\n\t\t\t\t\t<\/div>\n\t\t\t\t<\/div>\n\t\t<div class=\"elementor-element elementor-element-26079d7 e-flex e-con-boxed e-con e-parent\" data-id=\"26079d7\" data-element_type=\"container\" data-e-type=\"container\" data-settings=\"{&quot;background_background&quot;:&quot;classic&quot;}\">\n\t\t\t\t\t<div class=\"e-con-inner\">\n\t\t<div class=\"elementor-element elementor-element-8dcc105 e-con-full e-flex e-con e-child\" data-id=\"8dcc105\" data-element_type=\"container\" data-e-type=\"container\" data-settings=\"{&quot;background_background&quot;:&quot;classic&quot;}\">\n\t\t\t\t<div class=\"elementor-element elementor-element-2f5d3b0 elementor-widget__width-initial elementor-widget elementor-widget-heading\" data-id=\"2f5d3b0\" data-element_type=\"widget\" data-e-type=\"widget\" data-widget_type=\"heading.default\">\n\t\t\t\t<div class=\"elementor-widget-container\">\n\t\t\t\t\t<h2 class=\"elementor-heading-title elementor-size-default\">Avec Swiss21, les t\u00e2ches administratives\nappartiennent au pass\u00e9.<\/h2>\t\t\t\t<\/div>\n\t\t\t\t<\/div>\n\t\t\t\t<div class=\"elementor-element elementor-element-5c66a9e elementor-widget elementor-widget-text-editor\" data-id=\"5c66a9e\" data-element_type=\"widget\" data-e-type=\"widget\" data-widget_type=\"text-editor.default\">\n\t\t\t\t<div class=\"elementor-widget-container\">\n\t\t\t\t\t\t\t\t\t<p>Effectuez vos offres, factures, notes de frais et paiements en quelques clics.<\/p>\t\t\t\t\t\t\t\t<\/div>\n\t\t\t\t<\/div>\n\t\t\t\t<\/div>\n\t\t<div class=\"elementor-element elementor-element-4fea81d e-con-full e-flex e-con e-child\" data-id=\"4fea81d\" data-element_type=\"container\" data-e-type=\"container\">\n\t\t\t\t<div class=\"elementor-element elementor-element-5a66e47 elementor-align-center elementor-widget elementor-widget-button\" data-id=\"5a66e47\" data-element_type=\"widget\" data-e-type=\"widget\" data-widget_type=\"button.default\">\n\t\t\t\t<div class=\"elementor-widget-container\">\n\t\t\t\t\t\t\t\t\t<div class=\"elementor-button-wrapper\">\n\t\t\t\t\t<a class=\"elementor-button elementor-button-link elementor-size-sm\" href=\"https:\/\/portal.swiss21.org\/signup\">\n\t\t\t\t\t\t<span class=\"elementor-button-content-wrapper\">\n\t\t\t\t\t\t\t\t\t<span class=\"elementor-button-text\">D\u00e9marrer gratuitement<\/span>\n\t\t\t\t\t<\/span>\n\t\t\t\t\t<\/a>\n\t\t\t\t<\/div>\n\t\t\t\t\t\t\t\t<\/div>\n\t\t\t\t<\/div>\n\t\t\t\t<\/div>\n\t\t\t\t\t<\/div>\n\t\t\t\t<\/div>\n\t\t<div class=\"elementor-element elementor-element-95cbdae e-flex e-con-boxed e-con e-parent\" data-id=\"95cbdae\" data-element_type=\"container\" data-e-type=\"container\">\n\t\t\t\t\t<div class=\"e-con-inner\">\n\t\t\t\t<div class=\"elementor-element elementor-element-d18f250 elementor-widget elementor-widget-spacer\" data-id=\"d18f250\" data-element_type=\"widget\" data-e-type=\"widget\" data-widget_type=\"spacer.default\">\n\t\t\t\t<div class=\"elementor-widget-container\">\n\t\t\t\t\t\t\t<div class=\"elementor-spacer\">\n\t\t\t<div class=\"elementor-spacer-inner\"><\/div>\n\t\t<\/div>\n\t\t\t\t\t\t<\/div>\n\t\t\t\t<\/div>\n\t\t\t\t<div class=\"elementor-element elementor-element-39cd188 elementor-widget elementor-widget-heading\" data-id=\"39cd188\" data-element_type=\"widget\" data-e-type=\"widget\" data-widget_type=\"heading.default\">\n\t\t\t\t<div class=\"elementor-widget-container\">\n\t\t\t\t\t<h2 class=\"elementor-heading-title elementor-size-default\">Les principaux ratios financiers expliqu\u00e9s bri\u00e8vement (liquidit\u00e9, financement, rendement et b\u00e9n\u00e9fice)<\/h2>\t\t\t\t<\/div>\n\t\t\t\t<\/div>\n\t\t\t\t<div class=\"elementor-element elementor-element-d7c8b6f elementor-widget elementor-widget-text-editor\" data-id=\"d7c8b6f\" data-element_type=\"widget\" data-e-type=\"widget\" data-widget_type=\"text-editor.default\">\n\t\t\t\t<div class=\"elementor-widget-container\">\n\t\t\t\t\t\t\t\t\t<p>Ind\u00e9pendamment du fait que diff\u00e9rents ratios concernent \u00e9galement diff\u00e9rents secteurs, il existe quatre ratios financiers qui sont pertinents pour toute entreprise \u00e0 but lucratif :<\/p><p>Liquidit\u00e9 : Capacit\u00e9 d\u2019un agent \u00e9conomique \u00e0 honorer ses dettes exigibles \u00e0 tout moment et dans les d\u00e9lais impartis. Le taux de couverture des engagements est indiqu\u00e9 ici, ce qui a \u00e9galement une influence consid\u00e9rable sur le ratio de solvabilit\u00e9 .<\/p><p>Financement : La mise \u00e0 disposition de capitaux. Il est indiqu\u00e9 comment et par qui le financement est assur\u00e9, c\u2019est-\u00e0-dire, par exemple, s\u2019il est assur\u00e9 par les b\u00e9n\u00e9fices de l\u2019entreprise ou par des capitaux \u00e9trangers.<\/p><p>Rendement : L\u2019augmentation ou la diminution en pourcentage du montant investi par unit\u00e9 de temps (i.e. G\u00e9n\u00e9ralement un an). Il est indiqu\u00e9 \u00e0 combien s\u2019\u00e9l\u00e8ve le taux d\u2019int\u00e9r\u00eat des fonds engag\u00e9s.<\/p><p>B\u00e9n\u00e9fice : L\u2019exc\u00e9dent g\u00e9n\u00e9r\u00e9 par une entreprise au cours d\u2019une p\u00e9riode comptable. Il indique le rapport entre le chiffre d\u2019affaires r\u00e9alis\u00e9 et les co\u00fbts.<\/p>\t\t\t\t\t\t\t\t<\/div>\n\t\t\t\t<\/div>\n\t\t\t\t<div class=\"elementor-element elementor-element-b5031ab elementor-widget elementor-widget-heading\" data-id=\"b5031ab\" data-element_type=\"widget\" data-e-type=\"widget\" data-widget_type=\"heading.default\">\n\t\t\t\t<div class=\"elementor-widget-container\">\n\t\t\t\t\t<h2 class=\"elementor-heading-title elementor-size-default\">Comment calculer le degr\u00e9 de liquidit\u00e9 ? (1, 2 et 3)<\/h2>\t\t\t\t<\/div>\n\t\t\t\t<\/div>\n\t\t\t\t<div class=\"elementor-element elementor-element-dc9e5d7 elementor-widget elementor-widget-text-editor\" data-id=\"dc9e5d7\" data-element_type=\"widget\" data-e-type=\"widget\" data-widget_type=\"text-editor.default\">\n\t\t\t\t<div class=\"elementor-widget-container\">\n\t\t\t\t\t\t\t\t\t<p>Comme nous l\u2019avons d\u00e9j\u00e0 mentionn\u00e9, le degr\u00e9 de liquidit\u00e9 indique si et dans quelle mesure un agent \u00e9conomique est en mesure de faire face \u00e0 tout moment \u00e0 ses obligations de paiement dans les d\u00e9lais impartis. Nous distinguons les degr\u00e9s de liquidit\u00e9 1, 2 et 3.<\/p><p>Comment calculer le degr\u00e9 de liquidit\u00e9 ?<\/p><p>1 (ratio de tr\u00e9sorerie) : Indique si l\u2019entreprise est en mesure de rembourser des dettes \u00e0 court terme \u00e0 partir de ses liquidit\u00e9s (compte bancaire, caisse).<\/p><p>La formule de calcul est la suivante Degr\u00e9 de liquidit\u00e9 1 = liquidit\u00e9s \/ fonds \u00e9trangers \u00e0 court terme.<\/p><p>2 (Quick Ratio) : Indique si l\u2019entreprise est en mesure d\u2019honorer ses dettes \u00e0 court terme gr\u00e2ce \u00e0 ses liquidit\u00e9s et \u00e0 ses cr\u00e9ances en cours.<\/p><p>La formule de calcul est la suivante Degr\u00e9 de liquidit\u00e9 2 = (liquidit\u00e9s + cr\u00e9ances) \/ fonds \u00e9trangers \u00e0 court terme.<\/p><p>3 (Current Ratio) : Chiffre l\u2019actif circulant de l\u2019entreprise par rapport aux dettes \u00e0 court terme, car par rapport au quick ratio, il int\u00e8gre \u00e9galement la valeur du stock de marchandises, c\u2019est-\u00e0-dire les co\u00fbts ou la valeur des marchandisesnon vendues .<\/p><p>La formule de calcul est la suivante Degr\u00e9 de liquidit\u00e9 3 = actif circulant \/ fonds \u00e9trangers \u00e0 court terme.<\/p>\t\t\t\t\t\t\t\t<\/div>\n\t\t\t\t<\/div>\n\t\t\t\t<div class=\"elementor-element elementor-element-8087b7d elementor-widget elementor-widget-heading\" data-id=\"8087b7d\" data-element_type=\"widget\" data-e-type=\"widget\" data-widget_type=\"heading.default\">\n\t\t\t\t<div class=\"elementor-widget-container\">\n\t\t\t\t\t<h2 class=\"elementor-heading-title elementor-size-default\">Comment calculer le taux de couverture des investissements ? (1 et 2)<\/h2>\t\t\t\t<\/div>\n\t\t\t\t<\/div>\n\t\t\t\t<div class=\"elementor-element elementor-element-61fc167 elementor-widget elementor-widget-text-editor\" data-id=\"61fc167\" data-element_type=\"widget\" data-e-type=\"widget\" data-widget_type=\"text-editor.default\">\n\t\t\t\t<div class=\"elementor-widget-container\">\n\t\t\t\t\t\t\t\t\t<div class=\"et_pb_section et_pb_section_8 et_section_regular\"><div class=\"et_pb_row et_pb_row_8\"><div class=\"et_pb_column et_pb_column_4_4 et_pb_column_9 et_pb_css_mix_blend_mode_passthrough et-last-child\"><div class=\"et_pb_module et_pb_text et_pb_text_7 et_pb_text_align_left et_pb_bg_layout_light\"><div class=\"et_pb_text_inner\"><p>Le taux de couverture des immobilisations indique dans quelle mesure les capitaux propres couvrent les actifs immobilis\u00e9s.<\/p><p>Taux de couverture 1 : Indique le pourcentage de l\u2019actif immobilis\u00e9 financ\u00e9 par des fonds propres et peut \u00eatre calcul\u00e9 \u00e0 l\u2019aide de la formule taux de couverture des immobilisations 1 = fonds propres \/ actif immobilis\u00e9 x100 = x%.<\/p><p>Taux de couverture 2 : Le taux de couverture 2 indique quel pourcentage des actifs immobilis\u00e9s est financ\u00e9 \u00e0 long terme et peut \u00eatre calcul\u00e9 \u00e0 l\u2019aide de la formule taux de couverture des actifs 2 = (capitaux propres + capitaux \u00e9trangers \u00e0 long terme) \/ actifs immobilis\u00e9s x100 = x%.<\/p><\/div><\/div><\/div><\/div><\/div>\t\t\t\t\t\t\t\t<\/div>\n\t\t\t\t<\/div>\n\t\t\t\t\t<\/div>\n\t\t\t\t<\/div>\n\t\t<div class=\"elementor-element elementor-element-a00a037 e-flex e-con-boxed e-con e-parent\" data-id=\"a00a037\" data-element_type=\"container\" data-e-type=\"container\">\n\t\t\t\t\t<div class=\"e-con-inner\">\n\t\t\t\t<div class=\"elementor-element elementor-element-1da6c71 elementor-widget elementor-widget-spacer\" data-id=\"1da6c71\" data-element_type=\"widget\" data-e-type=\"widget\" data-widget_type=\"spacer.default\">\n\t\t\t\t<div class=\"elementor-widget-container\">\n\t\t\t\t\t\t\t<div class=\"elementor-spacer\">\n\t\t\t<div class=\"elementor-spacer-inner\"><\/div>\n\t\t<\/div>\n\t\t\t\t\t\t<\/div>\n\t\t\t\t<\/div>\n\t\t\t\t<div class=\"elementor-element elementor-element-8e30586 elementor-widget elementor-widget-heading\" data-id=\"8e30586\" data-element_type=\"widget\" data-e-type=\"widget\" data-widget_type=\"heading.default\">\n\t\t\t\t<div class=\"elementor-widget-container\">\n\t\t\t\t\t<h2 class=\"elementor-heading-title elementor-size-default\">Wie berechne ich die Rendite? (Gesamtkapitalrendite, Eigenkapitalrendite, Umsatzrendite)\n<\/h2>\t\t\t\t<\/div>\n\t\t\t\t<\/div>\n\t\t\t\t<div class=\"elementor-element elementor-element-2bf1b57 elementor-widget elementor-widget-text-editor\" data-id=\"2bf1b57\" data-element_type=\"widget\" data-e-type=\"widget\" data-widget_type=\"text-editor.default\">\n\t\t\t\t<div class=\"elementor-widget-container\">\n\t\t\t\t\t\t\t\t\t<ul><li><strong>Gesamtkapitalrendite<\/strong>: Zeigt den Prozentsatz der Rentabilit\u00e4t der Verm\u00f6genswerte eines Unternehmens auf.<br \/>Gesamtkapitalrendite = (Gewinn + Fremdkapitalzinsen) \/ Gesamtkapital<\/li><li><strong>Eigenkapitalrendite<\/strong>: Ist ein Mass f\u00fcr die Rentabilit\u00e4t eines Unternehmens im Verh\u00e4ltnis zum Eigenkapital.<br \/>Eigenkapitalrendite = (Reingewinn \/ Eigenkapital) x100 %<\/li><li><strong>Umsatzrendite<\/strong>: Zeichnet das Verh\u00e4ltnis vom Betriebsergebnis zum Nettoumsatz aus. Auch unter Betriebsgewinnmarge und EBIT-Marge bekannt. Umsatzrendite = Gewinn \/ Umsatz.<\/li><\/ul>\t\t\t\t\t\t\t\t<\/div>\n\t\t\t\t<\/div>\n\t\t\t\t<div class=\"elementor-element elementor-element-2b66571 elementor-widget elementor-widget-heading\" data-id=\"2b66571\" data-element_type=\"widget\" data-e-type=\"widget\" data-widget_type=\"heading.default\">\n\t\t\t\t<div class=\"elementor-widget-container\">\n\t\t\t\t\t<h2 class=\"elementor-heading-title elementor-size-default\">Wie berechne ich den Gewinn? (EBIT und EBITDA)\n<\/h2>\t\t\t\t<\/div>\n\t\t\t\t<\/div>\n\t\t\t\t<div class=\"elementor-element elementor-element-729528e elementor-widget elementor-widget-text-editor\" data-id=\"729528e\" data-element_type=\"widget\" data-e-type=\"widget\" data-widget_type=\"text-editor.default\">\n\t\t\t\t<div class=\"elementor-widget-container\">\n\t\t\t\t\t\t\t\t\t<div class=\"et_pb_section et_pb_section_11 et_section_regular\"><div class=\"et_pb_row et_pb_row_11\"><div class=\"et_pb_column et_pb_column_4_4 et_pb_column_12 et_pb_css_mix_blend_mode_passthrough et-last-child\"><div class=\"et_pb_module et_pb_text et_pb_text_9 et_pb_text_align_left et_pb_bg_layout_light\"><div class=\"et_pb_text_inner\"><p>Genug mit all den finanziellen Begriffen, am Schluss interessiert uns doch vor allem eins: Der Gewinn. Bruttogewinnmarge und Betriebsgewinnmarge hin oder her.<\/p><p>Beim Gewinn unterscheiden wir zwischen EBIT und EBITDA.<\/p><p><a href=\"https:\/\/de.wikipedia.org\/wiki\/EBIT\" target=\"_blank\" rel=\"noopener\"><strong>EBIT\u00a0<\/strong><\/a>steht f\u00fcr \u201eEarnings before interest and taxes\u201c und beschreibt somit den Gewinn eines Unternehmens ohne Einnahmen und Ausgaben durch Zinsen und Steuern.<\/p><p>Die Formel lautet: Jahres\u00fcberschuss oder \u2013 Verlust + Steueraufwand (Ertragssteuern) \u2013 Steuererstattungen + Zinsaufwand (und sonstiger Finanzierungsaufwand) = Ergebnis vor Zins und Steuern (EBIT)<\/p><p><a href=\"https:\/\/de.wikipedia.org\/wiki\/EBITDA\" target=\"_blank\" rel=\"noopener\"><strong>EBITDA<\/strong><\/a>\u00a0ist eine betriebswirtschaftliche Kennzahl, die den nachhaltigen operativen Cashflow vor Steuern eines Unternehmens beschreibt.<\/p><p>Der Name bedeutet \u201eEarnings before interest and taxes, depreciation and amortization\u201c, zu Deutsch: \u201eErgebnis vor Zinsen, Steuern, Abschreibungen und Abschreibungen auf immaterielle Verm\u00f6genswerte\u201c.<\/p><p>Die vereinfachte Formel lautet: EBIT + Abschreibungen = EBITDA.<\/p><\/div><\/div><\/div><\/div><\/div>\t\t\t\t\t\t\t\t<\/div>\n\t\t\t\t<\/div>\n\t\t\t\t<div class=\"elementor-element elementor-element-c55bd33 elementor-widget elementor-widget-heading\" data-id=\"c55bd33\" data-element_type=\"widget\" data-e-type=\"widget\" data-widget_type=\"heading.default\">\n\t\t\t\t<div class=\"elementor-widget-container\">\n\t\t\t\t\t<h2 class=\"elementor-heading-title elementor-size-default\">Comment calculer le rendement ? (rendement du capital total, rendement des fonds propres, rendement du chiffre d\u2019affaires)<\/h2>\t\t\t\t<\/div>\n\t\t\t\t<\/div>\n\t\t\t\t<div class=\"elementor-element elementor-element-9d63d25 elementor-widget elementor-widget-text-editor\" data-id=\"9d63d25\" data-element_type=\"widget\" data-e-type=\"widget\" data-widget_type=\"text-editor.default\">\n\t\t\t\t<div class=\"elementor-widget-container\">\n\t\t\t\t\t\t\t\t\t<p>Rentabilit\u00e9 du capital total : Indique le pourcentage de rentabilit\u00e9 des actifs d\u2019une entreprise.<\/p><p>Rendement du capital total = (b\u00e9n\u00e9fice + int\u00e9r\u00eats sur le capital emprunt\u00e9) \/ capital total<\/p><p>Rentabilit\u00e9 des capitaux propres : Est une mesure de la rentabilit\u00e9 d\u2019une entreprise par rapport \u00e0 ses fonds propres.<\/p><p>Rendement des capitaux propres = (b\u00e9n\u00e9fice net \/ capitaux propres) x100 %<\/p><p>Rentabilit\u00e9 du chiffre d\u2019affaires : R\u00e9capitule le rapport entre le r\u00e9sultat d\u2019exploitation et le chiffre d\u2019affaires net. \u00c9galement connue sous le nom de marge de b\u00e9n\u00e9fice d\u2019exploitation et de marge EBIT.<\/p><p>Rendement sur chiffre d\u2019affaires = b\u00e9n\u00e9fice \/ chiffre d\u2019affaires.<\/p><div class=\"et_pb_section et_pb_section_11 et_section_regular\"><div class=\"et_pb_row et_pb_row_11\"><div class=\"et_pb_column et_pb_column_4_4 et_pb_column_12  et_pb_css_mix_blend_mode_passthrough et-last-child\"><div class=\"et_pb_module et_pb_text et_pb_text_9  et_pb_text_align_left et_pb_bg_layout_light\"><div class=\"et_pb_text_inner\"><h2><strong>Comment calculer le b\u00e9n\u00e9fice ? (EBIT et EBITDA)<\/strong><\/h2><p>Assez parl\u00e9 de tous ces termes financiers, au final, une chose nous int\u00e9resse avant tout : Le b\u00e9n\u00e9fice. Marge b\u00e9n\u00e9ficiaire brute et marge b\u00e9n\u00e9ficiaire d\u2019exploitation ou pas.<\/p><p>En ce qui concerne le b\u00e9n\u00e9fice, nous faisons la distinction entre EBIT et EBITDA.<\/p><p><a href=\"https:\/\/fr.wikipedia.org\/wiki\/B%C3%A9n%C3%A9fice_avant_int%C3%A9r%C3%AAts_et_imp%C3%B4ts\" target=\"_blank\" rel=\"noopener\">EBIT<\/a>\u00a0signifie \u00ab\u00a0earnings before interest and taxes\u00a0\u00bb et d\u00e9crit donc le b\u00e9n\u00e9fice d\u2019une entreprise sans les recettes et les d\u00e9penses li\u00e9es aux int\u00e9r\u00eats et aux imp\u00f4ts.<\/p><p>La formule est: B\u00e9n\u00e9fice ou perte de l\u2019exercice + charges fiscales (imp\u00f4ts sur les b\u00e9n\u00e9fices) \u2013 remboursements d\u2019imp\u00f4ts + charges d\u2019int\u00e9r\u00eats (et autres charges financi\u00e8res) = r\u00e9sultat avant int\u00e9r\u00eats et imp\u00f4ts (EBIT)<\/p><p>L\u2019<a href=\"https:\/\/fr.wikipedia.org\/wiki\/B%C3%A9n%C3%A9fice_avant_int%C3%A9r%C3%AAts,_imp%C3%B4ts,_d%C3%A9pr%C3%A9ciation_et_amortissement\" target=\"_blank\" rel=\"noopener\">EBITDA<\/a>\u00a0est un indicateur de gestion qui d\u00e9crit le cash-flow op\u00e9rationnel durable avant imp\u00f4ts d\u2019une entreprise.<\/p><p>Le nom signifie earnings before interest and taxes, depreciation and amortization en fran\u00e7ais : \u00ab\u00a0R\u00e9sultat avant int\u00e9r\u00eats, imp\u00f4ts, amortissements et d\u00e9pr\u00e9ciation des immobilisations incorporelles\u00a0\u00bb.<\/p><p>La formule simplifi\u00e9e est : EBIT + amortissements = EBITDA.<\/p><\/div><\/div><\/div><\/div><\/div><div class=\"et_pb_section et_pb_section_12 et_section_regular\"><div class=\"et_pb_row et_pb_row_12\"><div class=\"et_pb_column et_pb_column_4_4 et_pb_column_13  et_pb_css_mix_blend_mode_passthrough et-last-child\"><div class=\"et_pb_module et_pb_text et_pb_text_10  et_pb_text_align_left et_pb_bg_layout_light\"><div class=\"et_pb_text_inner\"><h2><strong>Dois-je calculer manuellement tous les chiffres cl\u00e9s de l\u2019entreprise ?<\/strong><\/h2><p>Comme nous l\u2019avons vu pr\u00e9c\u00e9demment, le calcul des indicateurs n\u2019a rien de complexe. La partie laborieuse consiste souvent \u00e0 rassembler les diff\u00e9rentes donn\u00e9es.<\/p><p>Avec le programme de comptabilit\u00e9 en cloud de Swiss21, les chiffres cl\u00e9s sont saisis automatiquement et r\u00e9sum\u00e9s dans un tableau de bord clair. Il s\u2019agit notamment du degr\u00e9 de liquidit\u00e9, du degr\u00e9 de financement propre et externe ainsi que de diff\u00e9rentes donn\u00e9es relatives au rendement, comme le rendement du chiffre d\u2019affaires et le rendement du capital total.<\/p><p>Nous vous montrons comment faire dans la vid\u00e9o :<\/p><\/div><\/div><\/div><\/div><\/div>\t\t\t\t\t\t\t\t<\/div>\n\t\t\t\t<\/div>\n\t\t\t\t\t<\/div>\n\t\t\t\t<\/div>\n\t\t<div class=\"elementor-element elementor-element-ef9a16e e-flex e-con-boxed e-con e-parent\" data-id=\"ef9a16e\" data-element_type=\"container\" data-e-type=\"container\">\n\t\t\t\t\t<div class=\"e-con-inner\">\n\t\t\t\t<div class=\"elementor-element elementor-element-10561ac elementor-widget elementor-widget-video\" data-id=\"10561ac\" data-element_type=\"widget\" data-e-type=\"widget\" data-settings=\"{&quot;youtube_url&quot;:&quot;https:\\\/\\\/youtu.be\\\/bD_YNelXzE8&quot;,&quot;video_type&quot;:&quot;youtube&quot;,&quot;controls&quot;:&quot;yes&quot;}\" data-widget_type=\"video.default\">\n\t\t\t\t<div class=\"elementor-widget-container\">\n\t\t\t\t\t\t\t<div class=\"elementor-wrapper elementor-open-inline\">\n\t\t\t<div class=\"elementor-video\"><\/div>\t\t<\/div>\n\t\t\t\t\t\t<\/div>\n\t\t\t\t<\/div>\n\t\t\t\t\t<\/div>\n\t\t\t\t<\/div>\n\t\t<div class=\"elementor-element elementor-element-0b99187 e-flex e-con-boxed e-con e-parent\" data-id=\"0b99187\" data-element_type=\"container\" data-e-type=\"container\">\n\t\t\t\t\t<div class=\"e-con-inner\">\n\t\t\t\t<div class=\"elementor-element elementor-element-26f0ede elementor-widget elementor-widget-spacer\" data-id=\"26f0ede\" data-element_type=\"widget\" data-e-type=\"widget\" data-widget_type=\"spacer.default\">\n\t\t\t\t<div class=\"elementor-widget-container\">\n\t\t\t\t\t\t\t<div class=\"elementor-spacer\">\n\t\t\t<div class=\"elementor-spacer-inner\"><\/div>\n\t\t<\/div>\n\t\t\t\t\t\t<\/div>\n\t\t\t\t<\/div>\n\t\t\t\t\t<\/div>\n\t\t\t\t<\/div>\n\t\t<div class=\"elementor-element elementor-element-736a58a e-flex e-con-boxed e-con e-parent\" data-id=\"736a58a\" data-element_type=\"container\" data-e-type=\"container\">\n\t\t\t\t\t<div class=\"e-con-inner\">\n\t\t\t\t<div class=\"elementor-element elementor-element-d1c2cf9 elementor-widget elementor-widget-spacer\" data-id=\"d1c2cf9\" data-element_type=\"widget\" data-e-type=\"widget\" data-widget_type=\"spacer.default\">\n\t\t\t\t<div class=\"elementor-widget-container\">\n\t\t\t\t\t\t\t<div class=\"elementor-spacer\">\n\t\t\t<div class=\"elementor-spacer-inner\"><\/div>\n\t\t<\/div>\n\t\t\t\t\t\t<\/div>\n\t\t\t\t<\/div>\n\t\t\t\t<div class=\"elementor-element elementor-element-66a27c4 elementor-widget elementor-widget-author-box\" data-id=\"66a27c4\" data-element_type=\"widget\" data-e-type=\"widget\" data-widget_type=\"author-box.default\">\n\t\t\t\t<div class=\"elementor-widget-container\">\n\t\t\t\t\t\t\t<div class=\"elementor-author-box\">\n\t\t\t\t\t\t\t<div  class=\"elementor-author-box__avatar\">\n\t\t\t\t\t<img decoding=\"async\" src=\"https:\/\/swiss21.org\/wp-content\/uploads\/2023\/10\/Piero_Papis-1.webp\" alt=\"Image de Piero Papis\" loading=\"lazy\" title=\"\">\n\t\t\t\t<\/div>\n\t\t\t\n\t\t\t<div class=\"elementor-author-box__text\">\n\t\t\t\t\t\t\t\t\t<div >\n\t\t\t\t\t\t<span class=\"elementor-author-box__name\">\n\t\t\t\t\t\t\tPiero Papis\t\t\t\t\t\t<\/span>\n\t\t\t\t\t<\/div>\n\t\t\t\t\n\t\t\t\t\t\t\t\t\t<div class=\"elementor-author-box__bio\">\n\t\t\t\t\t\t<p>Piero est un expert en marketing digital ainsi qu\u2019en e-commerce. Il est sp\u00e9cialis\u00e9 en SEO (Recherche Organique) ainsi que tout ce qui touche au CRM et au E-Commerce.<\/p>\n<p>Il est responsable digital et des publicit\u00e9s Google chez Swiss21 ainsi que de toute la pr\u00e9sence en ligne. Si vous atterrissez sur cet article, c\u2019est probablement gr\u00e2ce \u00e0 Piero! Nous esp\u00e9rons que cet article r\u00e9pondra \u00e0 vos besoins et on se r\u00e9jouit de revenir vers vous avec un nouveau sujet !<\/p>\n\t\t\t\t\t<\/div>\n\t\t\t\t\n\t\t\t\t\t\t\t<\/div>\n\t\t<\/div>\n\t\t\t\t\t\t<\/div>\n\t\t\t\t<\/div>\n\t\t\t\t<div class=\"elementor-element elementor-element-5fdd525 e-grid-align-right elementor-shape-rounded elementor-grid-0 elementor-widget elementor-widget-social-icons\" data-id=\"5fdd525\" data-element_type=\"widget\" data-e-type=\"widget\" data-widget_type=\"social-icons.default\">\n\t\t\t\t<div class=\"elementor-widget-container\">\n\t\t\t\t\t\t\t<div class=\"elementor-social-icons-wrapper elementor-grid\">\n\t\t\t\t\t\t\t<span class=\"elementor-grid-item\">\n\t\t\t\t\t<a class=\"elementor-icon elementor-social-icon elementor-social-icon-twitter elementor-repeater-item-074e014\" href=\"https:\/\/www.linkedin.com\/in\/piero-papis\/\" target=\"_blank\" rel=\"noopener\">\n\t\t\t\t\t\t<span class=\"elementor-screen-only\">Twitter<\/span>\n\t\t\t\t\t\t<i aria-hidden=\"true\" class=\"fab fa-twitter\"><\/i>\t\t\t\t\t<\/a>\n\t\t\t\t<\/span>\n\t\t\t\t\t<\/div>\n\t\t\t\t\t\t<\/div>\n\t\t\t\t<\/div>\n\t\t\t\t\t<\/div>\n\t\t\t\t<\/div>\n\t\t<div class=\"elementor-element elementor-element-8b7d326 e-flex e-con-boxed e-con e-parent\" data-id=\"8b7d326\" data-element_type=\"container\" data-e-type=\"container\">\n\t\t\t\t\t<div class=\"e-con-inner\">\n\t\t\t\t<div class=\"elementor-element elementor-element-77c20f2 elementor-widget elementor-widget-spacer\" data-id=\"77c20f2\" data-element_type=\"widget\" data-e-type=\"widget\" data-widget_type=\"spacer.default\">\n\t\t\t\t<div class=\"elementor-widget-container\">\n\t\t\t\t\t\t\t<div class=\"elementor-spacer\">\n\t\t\t<div class=\"elementor-spacer-inner\"><\/div>\n\t\t<\/div>\n\t\t\t\t\t\t<\/div>\n\t\t\t\t<\/div>\n\t\t\t\t\t<\/div>\n\t\t\t\t<\/div>\n\t\t<div class=\"elementor-element elementor-element-dec0911 e-flex e-con-boxed e-con e-parent\" data-id=\"dec0911\" data-element_type=\"container\" data-e-type=\"container\">\n\t\t\t\t\t<div class=\"e-con-inner\">\n\t\t\t\t<div class=\"elementor-element elementor-element-4a1fa84 elementor-widget elementor-widget-qi_addons_for_elementor_blog_list\" data-id=\"4a1fa84\" data-element_type=\"widget\" data-e-type=\"widget\" data-widget_type=\"qi_addons_for_elementor_blog_list.default\">\n\t\t\t\t<div class=\"elementor-widget-container\">\n\t\t\t\t\t<div class=\"qodef-shortcode qodef-m qodef-addons-blog-list qodef-info-no-icons qodef-image--hover-zoom qodef-qi-grid qodef-layout--qi-columns qodef-col-num--3 qodef-item-layout--boxed qodef-responsive--predefined\" >\n\t<div class=\"qodef-grid-inner\">\n\t\t<article class=\"qodef-e qodef-blog-item qodef-grid-item qodef-item--full post-44751 post type-post status-publish format-standard has-post-thumbnail hentry\">\n\t<div class=\"qodef-e-inner\">\n\t\t<div class=\"qodef-e-media-holder\">\n\t\t\t<div class=\"qodef-e-media\">\n\t\t<div class=\"qodef-e-media-image\">\n\t\t<a itemprop=\"url\" href=\"https:\/\/swiss21.org\/fr\/heures-travail-supplementaire-suisse-explication\/\">\n\t\t\t<img decoding=\"async\" width=\"1920\" height=\"1080\" src=\"https:\/\/swiss21.org\/wp-content\/uploads\/2023\/12\/Heures_supplementaires_Header-1.webp\" class=\"attachment-full size-full\" alt=\"\" srcset=\"https:\/\/swiss21.org\/wp-content\/uploads\/2023\/12\/Heures_supplementaires_Header-1.webp 1920w, https:\/\/swiss21.org\/wp-content\/uploads\/2023\/12\/Heures_supplementaires_Header-1-300x169.webp 300w, https:\/\/swiss21.org\/wp-content\/uploads\/2023\/12\/Heures_supplementaires_Header-1-1024x576.webp 1024w, https:\/\/swiss21.org\/wp-content\/uploads\/2023\/12\/Heures_supplementaires_Header-1-768x432.webp 768w, https:\/\/swiss21.org\/wp-content\/uploads\/2023\/12\/Heures_supplementaires_Header-1-1536x864.webp 1536w, https:\/\/swiss21.org\/wp-content\/uploads\/2023\/12\/Heures_supplementaires_Header-1-700x394.webp 700w, https:\/\/swiss21.org\/wp-content\/uploads\/2023\/12\/Heures_supplementaires_Header-1-539x303.webp 539w\" sizes=\"(max-width: 1920px) 100vw, 1920px\" title=\"\">\t\t<\/a>\n\t\t\t<\/div>\n<\/div>\n<div itemprop=\"dateCreated\" class=\"qodef-e-info-item qodef-e-info-date entry-date \">\n\t<a itemprop=\"url\" href=\"https:\/\/swiss21.org\/fr\/2026\/04\/\">\n\t\t22 Avr\t<\/a>\n<\/div>\n\t\t<\/div>\n\t\t<div class=\"qodef-e-content\">\n\t\t\t\t\t\t\t<div class=\"qodef-e-info qodef-info--top\">\n\t\t\t\t\t<div class=\"qodef-e-info-item qodef-e-info-category\">\n\t\tNon class\u00e9<\/div>\n\t\t\t\t<\/div>\n\t\t\t\t\t\t<div class=\"qodef-e-text\">\n\t\t\t\t<h3 itemprop=\"name\" class=\"qodef-e-title entry-title\">\n\t<a itemprop=\"url\" class=\"qodef-e-title-link\" href=\"https:\/\/swiss21.org\/fr\/heures-travail-supplementaire-suisse-explication\/\">\n\t\tHeures suppl\u00e9mentaires et travail suppl\u00e9mentaire en Suisse \u2013 une explication simple pour les PME\t<\/a>\n<\/h3>\n\t\t<p itemprop=\"description\" class=\"qodef-e-excerpt\">\n\t\t\tHeures suppl\u00e9mentaires et travail suppl\u00e9mentaire en Suisse \u2013 une explication simple pour les PME Mis \u00e0 jour...\t\t<\/p>\n\t\t\t\t<\/div>\n\t\t\t\t\t\t\t<div class=\"qodef-e-info qodef-info--bottom\">\n\t\t\t\t\t\t<div class=\"qodef-e-read-more\">\n\t\t<a class=\"qodef-shortcode qodef-m qodef-qi-button qodef-html--link qodef-layout--textual qodef-type--standard qodef-icon--right qodef-hover--icon-move-horizontal-short qodef-text-underline qodef-underline--left\" href=\"https:\/\/swiss21.org\/fr\/heures-travail-supplementaire-suisse-explication\/\" target=\"_self\">\t<span class=\"qodef-m-text\">WEITERLESEN<\/span>\t<\/a>\t<\/div>\n\t\t\t\t<\/div>\n\t\t\t\t\t<\/div>\n\t<\/div>\n<\/article>\n<article class=\"qodef-e qodef-blog-item qodef-grid-item qodef-item--full post-48827 post type-post status-publish format-standard has-post-thumbnail hentry category-communique-de-presse\">\n\t<div class=\"qodef-e-inner\">\n\t\t<div class=\"qodef-e-media-holder\">\n\t\t\t<div class=\"qodef-e-media\">\n\t\t<div class=\"qodef-e-media-image\">\n\t\t<a itemprop=\"url\" href=\"https:\/\/swiss21.org\/fr\/swiss21-x-yes-ensemble-pour-encourager-lesprit-dentreprise-de-demain\/\">\n\t\t\t<img decoding=\"async\" width=\"1024\" height=\"683\" src=\"https:\/\/swiss21.org\/wp-content\/uploads\/2026\/03\/yes-swiss21-partnership1.jpg\" class=\"attachment-full size-full\" alt=\"Swiss21 x YES\" srcset=\"https:\/\/swiss21.org\/wp-content\/uploads\/2026\/03\/yes-swiss21-partnership1.jpg 1024w, https:\/\/swiss21.org\/wp-content\/uploads\/2026\/03\/yes-swiss21-partnership1-300x200.jpg 300w, https:\/\/swiss21.org\/wp-content\/uploads\/2026\/03\/yes-swiss21-partnership1-768x512.jpg 768w, https:\/\/swiss21.org\/wp-content\/uploads\/2026\/03\/yes-swiss21-partnership1-700x467.jpg 700w\" sizes=\"(max-width: 1024px) 100vw, 1024px\" title=\"\">\t\t<\/a>\n\t\t\t<\/div>\n<\/div>\n<div itemprop=\"dateCreated\" class=\"qodef-e-info-item qodef-e-info-date entry-date \">\n\t<a itemprop=\"url\" href=\"https:\/\/swiss21.org\/fr\/2026\/03\/\">\n\t\t12 Mar\t<\/a>\n<\/div>\n\t\t<\/div>\n\t\t<div class=\"qodef-e-content\">\n\t\t\t\t\t\t\t<div class=\"qodef-e-info qodef-info--top\">\n\t\t\t\t\t<div class=\"qodef-e-info-item qodef-e-info-category\">\n\t\t<a href=\"https:\/\/swiss21.org\/fr\/communique-de-presse\/\" rel=\"category tag\">Communiqu\u00e9 de presse<\/a><\/div>\n\t\t\t\t<\/div>\n\t\t\t\t\t\t<div class=\"qodef-e-text\">\n\t\t\t\t<h3 itemprop=\"name\" class=\"qodef-e-title entry-title\">\n\t<a itemprop=\"url\" class=\"qodef-e-title-link\" href=\"https:\/\/swiss21.org\/fr\/swiss21-x-yes-ensemble-pour-encourager-lesprit-dentreprise-de-demain\/\">\n\t\tSwiss21 x YES &#8211; Ensemble pour encourager l&#8217;esprit d&#8217;entreprise de demain\t<\/a>\n<\/h3>\n\t\t<p itemprop=\"description\" class=\"qodef-e-excerpt\">\n\t\t\tSwiss21 x YES \u2013 Ensemble pour encourager l&#8217;esprit d&#8217;entreprise de demain 12.03.2026 Depuis de nombreuses ann\u00e9es, Swiss21...\t\t<\/p>\n\t\t\t\t<\/div>\n\t\t\t\t\t\t\t<div class=\"qodef-e-info qodef-info--bottom\">\n\t\t\t\t\t\t<div class=\"qodef-e-read-more\">\n\t\t<a class=\"qodef-shortcode qodef-m qodef-qi-button qodef-html--link qodef-layout--textual qodef-type--standard qodef-icon--right qodef-hover--icon-move-horizontal-short qodef-text-underline qodef-underline--left\" href=\"https:\/\/swiss21.org\/fr\/swiss21-x-yes-ensemble-pour-encourager-lesprit-dentreprise-de-demain\/\" target=\"_self\">\t<span class=\"qodef-m-text\">WEITERLESEN<\/span>\t<\/a>\t<\/div>\n\t\t\t\t<\/div>\n\t\t\t\t\t<\/div>\n\t<\/div>\n<\/article>\n<article class=\"qodef-e qodef-blog-item qodef-grid-item qodef-item--full post-47628 post type-post status-publish format-standard has-post-thumbnail hentry category-numerisation\">\n\t<div class=\"qodef-e-inner\">\n\t\t<div class=\"qodef-e-media-holder\">\n\t\t\t<div class=\"qodef-e-media\">\n\t\t<div class=\"qodef-e-media-image\">\n\t\t<a itemprop=\"url\" href=\"https:\/\/swiss21.org\/fr\/envoyez-fiches-de-paie-deepmail-abasalary\/\">\n\t\t\t<img loading=\"lazy\" decoding=\"async\" width=\"2560\" height=\"1440\" src=\"https:\/\/swiss21.org\/wp-content\/uploads\/2026\/01\/deepmail-abasalary-swiss21-2.webp\" class=\"attachment-full size-full\" alt=\"DeepMail\" srcset=\"https:\/\/swiss21.org\/wp-content\/uploads\/2026\/01\/deepmail-abasalary-swiss21-2.webp 2560w, https:\/\/swiss21.org\/wp-content\/uploads\/2026\/01\/deepmail-abasalary-swiss21-2-300x169.webp 300w, https:\/\/swiss21.org\/wp-content\/uploads\/2026\/01\/deepmail-abasalary-swiss21-2-1024x576.webp 1024w, https:\/\/swiss21.org\/wp-content\/uploads\/2026\/01\/deepmail-abasalary-swiss21-2-768x432.webp 768w, https:\/\/swiss21.org\/wp-content\/uploads\/2026\/01\/deepmail-abasalary-swiss21-2-1536x864.webp 1536w, https:\/\/swiss21.org\/wp-content\/uploads\/2026\/01\/deepmail-abasalary-swiss21-2-2048x1152.webp 2048w, https:\/\/swiss21.org\/wp-content\/uploads\/2026\/01\/deepmail-abasalary-swiss21-2-700x394.webp 700w, https:\/\/swiss21.org\/wp-content\/uploads\/2026\/01\/deepmail-abasalary-swiss21-2-539x303.webp 539w\" sizes=\"(max-width: 2560px) 100vw, 2560px\" title=\"\">\t\t<\/a>\n\t\t\t<\/div>\n<\/div>\n<div itemprop=\"dateCreated\" class=\"qodef-e-info-item qodef-e-info-date entry-date \">\n\t<a itemprop=\"url\" href=\"https:\/\/swiss21.org\/fr\/2026\/02\/\">\n\t\t6 F\u00e9v\t<\/a>\n<\/div>\n\t\t<\/div>\n\t\t<div class=\"qodef-e-content\">\n\t\t\t\t\t\t\t<div class=\"qodef-e-info qodef-info--top\">\n\t\t\t\t\t<div class=\"qodef-e-info-item qodef-e-info-category\">\n\t\t<a href=\"https:\/\/swiss21.org\/fr\/numerisation\/\" rel=\"category tag\">Num\u00e9risation<\/a><\/div>\n\t\t\t\t<\/div>\n\t\t\t\t\t\t<div class=\"qodef-e-text\">\n\t\t\t\t<h3 itemprop=\"name\" class=\"qodef-e-title entry-title\">\n\t<a itemprop=\"url\" class=\"qodef-e-title-link\" href=\"https:\/\/swiss21.org\/fr\/envoyez-fiches-de-paie-deepmail-abasalary\/\">\n\t\tEnvoyez vos fiches de paie en toute s\u00e9curit\u00e9 avec DeepMail et 21.AbaSalary\t<\/a>\n<\/h3>\n\t\t<p itemprop=\"description\" class=\"qodef-e-excerpt\">\n\t\t\tEnvoyez vos fiches de paie en toute s\u00e9curit\u00e9 avec DeepMail et 21.AbaSalary 06.02.2026 Envoyer des documents sensibles...\t\t<\/p>\n\t\t\t\t<\/div>\n\t\t\t\t\t\t\t<div class=\"qodef-e-info qodef-info--bottom\">\n\t\t\t\t\t\t<div class=\"qodef-e-read-more\">\n\t\t<a class=\"qodef-shortcode qodef-m qodef-qi-button qodef-html--link qodef-layout--textual qodef-type--standard qodef-icon--right qodef-hover--icon-move-horizontal-short qodef-text-underline qodef-underline--left\" href=\"https:\/\/swiss21.org\/fr\/envoyez-fiches-de-paie-deepmail-abasalary\/\" target=\"_self\">\t<span class=\"qodef-m-text\">WEITERLESEN<\/span>\t<\/a>\t<\/div>\n\t\t\t\t<\/div>\n\t\t\t\t\t<\/div>\n\t<\/div>\n<\/article>\n\t<\/div>\n\t<\/div>\n\t\t\t\t<\/div>\n\t\t\t\t<\/div>\n\t\t\t\t\t<\/div>\n\t\t\t\t<\/div>\n\t\t\t\t<\/div>\n\t\t","protected":false},"excerpt":{"rendered":"<p>Les dix indicateurs les plus importants pour votre entreprise Ils apparaissent au plus tard \u00e0 l\u2019heure du&#8230;<\/p>\n","protected":false},"author":9,"featured_media":33185,"comment_status":"open","ping_status":"open","sticky":false,"template":"","format":"standard","meta":{"_acf_changed":false,"footnotes":""},"categories":[48],"tags":[],"class_list":["post-44767","post","type-post","status-publish","format-standard","has-post-thumbnail","hentry","category-non-classifiee"],"acf":[],"_links":{"self":[{"href":"https:\/\/swiss21.org\/fr\/wp-json\/wp\/v2\/posts\/44767","targetHints":{"allow":["GET"]}}],"collection":[{"href":"https:\/\/swiss21.org\/fr\/wp-json\/wp\/v2\/posts"}],"about":[{"href":"https:\/\/swiss21.org\/fr\/wp-json\/wp\/v2\/types\/post"}],"author":[{"embeddable":true,"href":"https:\/\/swiss21.org\/fr\/wp-json\/wp\/v2\/users\/9"}],"replies":[{"embeddable":true,"href":"https:\/\/swiss21.org\/fr\/wp-json\/wp\/v2\/comments?post=44767"}],"version-history":[{"count":0,"href":"https:\/\/swiss21.org\/fr\/wp-json\/wp\/v2\/posts\/44767\/revisions"}],"wp:featuredmedia":[{"embeddable":true,"href":"https:\/\/swiss21.org\/fr\/wp-json\/wp\/v2\/media\/33185"}],"wp:attachment":[{"href":"https:\/\/swiss21.org\/fr\/wp-json\/wp\/v2\/media?parent=44767"}],"wp:term":[{"taxonomy":"category","embeddable":true,"href":"https:\/\/swiss21.org\/fr\/wp-json\/wp\/v2\/categories?post=44767"},{"taxonomy":"post_tag","embeddable":true,"href":"https:\/\/swiss21.org\/fr\/wp-json\/wp\/v2\/tags?post=44767"}],"curies":[{"name":"wp","href":"https:\/\/api.w.org\/{rel}","templated":true}]}}