{"id":50469,"date":"2026-06-12T16:50:53","date_gmt":"2026-06-12T14:50:53","guid":{"rendered":"https:\/\/swiss21.org\/stempeluhr-mijajlovic-digitalisiert-zeiterfassung\/"},"modified":"2026-06-24T16:59:47","modified_gmt":"2026-06-24T14:59:47","slug":"pointeuse-mijajlovic-numerise-gestion-du-temps","status":"publish","type":"post","link":"https:\/\/swiss21.org\/fr\/pointeuse-mijajlovic-numerise-gestion-du-temps\/","title":{"rendered":"Une pointeuse moderne remplace les listes papier : Mijajlovic num\u00e9rise la gestion du temps de travail"},"content":{"rendered":"\t\t<div data-elementor-type=\"wp-post\" data-elementor-id=\"50469\" class=\"elementor elementor-50469 elementor-50282\" data-elementor-post-type=\"post\">\n\t\t\t\t<div class=\"elementor-element elementor-element-48e82d2 e-flex e-con-boxed e-con e-parent\" data-id=\"48e82d2\" data-element_type=\"container\" data-e-type=\"container\">\n\t\t\t\t\t<div class=\"e-con-inner\">\n\t\t\t\t<div class=\"elementor-element elementor-element-15d530a elementor-widget elementor-widget-image\" data-id=\"15d530a\" data-element_type=\"widget\" data-e-type=\"widget\" data-widget_type=\"image.default\">\n\t\t\t\t<div class=\"elementor-widget-container\">\n\t\t\t\t\t\t\t\t\t\t\t\t\t\t\t<img decoding=\"async\" src=\"https:\/\/swiss21.org\/wp-content\/uploads\/2026\/06\/mihailovic-unterlagsboden-zeiterfassung-abaclock03.jpg\" title=\"mihailovic-unterlagsboden-zeiterfassung-abaclock03\" alt=\"Person benutzt die Stempeluhr AbaClock zur Zeiterfassung\" loading=\"lazy\" \/>\t\t\t\t\t\t\t\t\t\t\t\t\t\t\t<\/div>\n\t\t\t\t<\/div>\n\t\t\t\t<div class=\"elementor-element elementor-element-d7287ea elementor-widget elementor-widget-heading\" data-id=\"d7287ea\" data-element_type=\"widget\" data-e-type=\"widget\" data-widget_type=\"heading.default\">\n\t\t\t\t<div class=\"elementor-widget-container\">\n\t\t\t\t\t<h1 class=\"elementor-heading-title elementor-size-default\">Une pointeuse moderne remplace les listes papier : Mijajlovic num\u00e9rise la gestion du temps de travail<\/h1>\t\t\t\t<\/div>\n\t\t\t\t<\/div>\n\t\t\t\t<div class=\"elementor-element elementor-element-88ff293 elementor-widget elementor-widget-text-editor\" data-id=\"88ff293\" data-element_type=\"widget\" data-e-type=\"widget\" data-widget_type=\"text-editor.default\">\n\t\t\t\t<div class=\"elementor-widget-container\">\n\t\t\t\t\t\t\t\t\t<p><strong>Depuis plus de 30 ans, l\u2019entreprise familiale Mijajlovic, bas\u00e9e \u00e0 Horn (TG), est synonyme d&#8217;un savoir-faire artisanal reconnu dans la r\u00e9alisation des chapes et rev\u00eatements de sol de haute qualit\u00e9 pour le b\u00e2timent et l\u2019industrie. Ce qui a commenc\u00e9 comme une entreprise de deux personnes est devenu au fil des ann\u00e9es une soci\u00e9t\u00e9 bien \u00e9tablie comptant une vingtaine de collaborateurs et r\u00e9alisant des projets allant de la maison individuelle aux complexes industriels. Gr\u00e2ce \u00e0 la gestion num\u00e9rique des temps de Swiss21 et \u00e0 la pointeuse AbaClock, l\u2019entreprise remplace aujourd\u2019hui ses processus papier par une solution simple et pratique, parfaitement adapt\u00e9e aux r\u00e9alit\u00e9s du terrain et accompagn\u00e9e d\u2019un suivi personnalis\u00e9.<\/strong><\/p><h2>D\u2019une entreprise de deux personnes \u00e0 une PME<\/h2><p>Parmi ses r\u00e9alisations figurent aussi bien des maisons individuelles que de vastes ensembles immobiliers, des b\u00e2timents publics ou encore des constructions industrielles. Novica et son fr\u00e8re Nenad dirigent d\u00e9sormais une \u00e9quipe d\u2019une vingtaine de collaborateurs, tandis que leur p\u00e8re, Tihomir, profite aujourd\u2019hui d\u2019une retraite bien m\u00e9rit\u00e9e. \u00ab Ce fut une p\u00e9riode intense et nous avons beaucoup travaill\u00e9. Nous avons connu de tr\u00e8s bonnes ann\u00e9es, mais aussi relev\u00e9 de nombreux d\u00e9fis. Entre-temps, nous avons gagn\u00e9 la confiance des ma\u00eetres d\u2019ouvrage et des cabinets d\u2019architectes. Nous sommes toujours rest\u00e9s fid\u00e8les \u00e0 nos valeurs : fournir un travail de qualit\u00e9 et collaborer avec nos partenaires de mani\u00e8re simple et honn\u00eate \u00bb, explique Novica Mijajlovic, fondateur et directeur g\u00e9n\u00e9ral. Ces valeurs caract\u00e9risent aujourd\u2019hui encore l\u2019entreprise familiale<\/p>\t\t\t\t\t\t\t\t<\/div>\n\t\t\t\t<\/div>\n\t\t\t\t\t<\/div>\n\t\t\t\t<\/div>\n\t\t<div class=\"elementor-element elementor-element-f45422d e-con-full e-flex e-con e-child\" data-id=\"f45422d\" data-element_type=\"container\" data-e-type=\"container\">\n\t\t<div class=\"elementor-element elementor-element-cda9903 e-con-full e-flex e-con e-child\" data-id=\"cda9903\" data-element_type=\"container\" data-e-type=\"container\">\n\t\t\t\t<div class=\"elementor-element elementor-element-34003ca elementor-widget elementor-widget-image\" data-id=\"34003ca\" data-element_type=\"widget\" data-e-type=\"widget\" data-widget_type=\"image.default\">\n\t\t\t\t<div class=\"elementor-widget-container\">\n\t\t\t\t\t\t\t\t\t\t\t\t\t\t\t<img decoding=\"async\" src=\"https:\/\/swiss21.org\/wp-content\/uploads\/2026\/06\/mihailovic-unterlagsboden-zeiterfassung-abaclock01-800x1000-1.jpg\" title=\"mihailovic-unterlagsboden-zeiterfassung-abaclock01-800\u00d71000\" alt=\"mihailovic-unterlagsboden-zeiterfassung-abaclock01-800x1000\" loading=\"lazy\" \/>\t\t\t\t\t\t\t\t\t\t\t\t\t\t\t<\/div>\n\t\t\t\t<\/div>\n\t\t\t\t<\/div>\n\t\t<div class=\"elementor-element elementor-element-ac8048e e-con-full e-flex e-con e-child\" data-id=\"ac8048e\" data-element_type=\"container\" data-e-type=\"container\">\n\t\t<div class=\"elementor-element elementor-element-081b3aa e-con-full e-flex e-con e-child\" data-id=\"081b3aa\" data-element_type=\"container\" data-e-type=\"container\" data-settings=\"{&quot;background_background&quot;:&quot;classic&quot;}\">\n\t\t\t\t<div class=\"elementor-element elementor-element-cc171f6 elementor-headline--style-highlight elementor-widget elementor-widget-animated-headline\" data-id=\"cc171f6\" data-element_type=\"widget\" data-e-type=\"widget\" data-settings=\"{&quot;highlighted_text&quot;:&quot;en bref&quot;,&quot;headline_style&quot;:&quot;highlight&quot;,&quot;marker&quot;:&quot;circle&quot;,&quot;loop&quot;:&quot;yes&quot;,&quot;highlight_animation_duration&quot;:1200,&quot;highlight_iteration_delay&quot;:8000}\" data-widget_type=\"animated-headline.default\">\n\t\t\t\t<div class=\"elementor-widget-container\">\n\t\t\t\t\t\t\t<h2 class=\"elementor-headline\">\n\t\t\t\t\t<span class=\"elementor-headline-plain-text elementor-headline-text-wrapper\">L'essentiel<\/span>\n\t\t\t\t<span class=\"elementor-headline-dynamic-wrapper elementor-headline-text-wrapper\">\n\t\t\t\t\t<span class=\"elementor-headline-dynamic-text elementor-headline-text-active\">en bref<\/span>\n\t\t\t\t<\/span>\n\t\t\t\t<\/h2>\n\t\t\t\t\t\t<\/div>\n\t\t\t\t<\/div>\n\t\t\t\t<div class=\"elementor-element elementor-element-17e4dcd elementor-widget elementor-widget-text-editor\" data-id=\"17e4dcd\" data-element_type=\"widget\" data-e-type=\"widget\" data-widget_type=\"text-editor.default\">\n\t\t\t\t<div class=\"elementor-widget-container\">\n\t\t\t\t\t\t\t\t\t<p><strong>Entreprise<\/strong><br \/><a href=\"https:\/\/www.unterlagsboeden-mijajlovic.ch\/\" target=\"_blank\" rel=\"noopener\">Unterlagsb\u00f6den Mijajlovic, TG-Horn<\/a><\/p><p><strong>Secteur<\/strong><br \/>Secteur du b\u00e2timent<\/p><p><strong>Effectifs <br \/><\/strong>20<\/p><p><strong>Applications<\/strong><br \/><a href=\"https:\/\/swiss21.org\/fr\/comptabilite\/\">AbaNinja<\/a>, <a href=\"https:\/\/swiss21.org\/fr\/lp\/saisie-des-heures\/\">AbaClock<\/a><\/p>\t\t\t\t\t\t\t\t<\/div>\n\t\t\t\t<\/div>\n\t\t\t\t<\/div>\n\t\t\t\t<\/div>\n\t\t\t\t<\/div>\n\t\t<div class=\"elementor-element elementor-element-d841ce6 e-flex e-con-boxed e-con e-parent\" data-id=\"d841ce6\" data-element_type=\"container\" data-e-type=\"container\">\n\t\t\t\t\t<div class=\"e-con-inner\">\n\t\t\t\t<div class=\"elementor-element elementor-element-e4ea39d elementor-widget elementor-widget-text-editor\" data-id=\"e4ea39d\" data-element_type=\"widget\" data-e-type=\"widget\" data-widget_type=\"text-editor.default\">\n\t\t\t\t<div class=\"elementor-widget-container\">\n\t\t\t\t\t\t\t\t\t<h2>Une charge administrative croissante et des processus papier<\/h2><p>Lorsque les commandes affluaient, la charge de travail devenait particuli\u00e8rement importante. Entre les e-mails, les appels t\u00e9l\u00e9phoniques et les t\u00e2ches administratives, la gestion quotidienne \u00e9tait de plus en plus exigeante. Depuis 2020, son beau-fr\u00e8re Dragan l\u2019\u00e9paule au bureau et prend en charge de nombreuses t\u00e2ches administratives et de coordination. Jusqu\u2019alors, la saisie des temps de travail se faisait encore sur papier : les collaborateurs inscrivaient leurs heures de travail le matin et le soir dans un registre. Ce syst\u00e8me manquait de fiabilit\u00e9 et de transparence, et ne r\u00e9pondait plus aux exigences actuelles. L&#8217;entreprise a donc recherch\u00e9 une solution num\u00e9rique simple et adapt\u00e9e \u00e0 ses besoins.<\/p>\t\t\t\t\t\t\t\t<\/div>\n\t\t\t\t<\/div>\n\t\t\t\t\t<\/div>\n\t\t\t\t<\/div>\n\t\t<div class=\"elementor-element elementor-element-aea13d0 e-flex e-con-boxed e-con e-parent\" data-id=\"aea13d0\" data-element_type=\"container\" data-e-type=\"container\" data-settings=\"{&quot;background_background&quot;:&quot;classic&quot;}\">\n\t\t\t\t\t<div class=\"e-con-inner\">\n\t\t\t\t<div class=\"elementor-element elementor-element-3935233 elementor-widget elementor-widget-text-editor\" data-id=\"3935233\" data-element_type=\"widget\" data-e-type=\"widget\" data-widget_type=\"text-editor.default\">\n\t\t\t\t<div class=\"elementor-widget-container\">\n\t\t\t\t\t\t\t\t\t<p style=\"font-size: 22px;\">\u00abAvant, nous faisions le pointage sur papier. Une fois, un collaborateur a oubli\u00e9 de noter ses heures pendant deux semaines.\u00bb<\/p>\t\t\t\t\t\t\t\t<\/div>\n\t\t\t\t<\/div>\n\t\t\t\t<div class=\"elementor-element elementor-element-92c6f7b elementor-widget elementor-widget-text-editor\" data-id=\"92c6f7b\" data-element_type=\"widget\" data-e-type=\"widget\" data-widget_type=\"text-editor.default\">\n\t\t\t\t<div class=\"elementor-widget-container\">\n\t\t\t\t\t\t\t\t\t<p><strong>Nenad Mijajlovic, Directeur g\u00e9n\u00e9ral<\/strong><\/p>\t\t\t\t\t\t\t\t<\/div>\n\t\t\t\t<\/div>\n\t\t\t\t\t<\/div>\n\t\t\t\t<\/div>\n\t\t<div class=\"elementor-element elementor-element-63e96be e-flex e-con-boxed e-con e-parent\" data-id=\"63e96be\" data-element_type=\"container\" data-e-type=\"container\">\n\t\t\t\t\t<div class=\"e-con-inner\">\n\t\t\t\t<div class=\"elementor-element elementor-element-a9bb351 elementor-widget elementor-widget-text-editor\" data-id=\"a9bb351\" data-element_type=\"widget\" data-e-type=\"widget\" data-widget_type=\"text-editor.default\">\n\t\t\t\t<div class=\"elementor-widget-container\">\n\t\t\t\t\t\t\t\t\t<h2>Une saisie des temps simple avec un interlocuteur d\u00e9di\u00e9<\/h2><p>Pour les deux fr\u00e8res, un point \u00e9tait essentiel : ils ne souhaitaient pas de solution en ligne anonyme, mais voulaient un fournisseur de logiciels proposant un accompagnement personnalis\u00e9 et comprenant les r\u00e9alit\u00e9s de leur m\u00e9tier. C&#8217;est sur recommandation d&#8217;une connaissance qu&#8217;ils ont d\u00e9couvert Swiss21. Avec la pointeuse num\u00e9rique AbaClock, ils ont trouv\u00e9 une solution simple qui remplace efficacement leur ancien syst\u00e8me papier. Sur les chantiers en particulier, les outils doivent \u00eatre simples, rapides \u00e0 utiliser et faciles \u00e0 int\u00e9grer dans le quotidien. Deux semaines seulement apr\u00e8s leur demande, AbaClock \u00e9tait d\u00e9j\u00e0 op\u00e9rationnelle et reli\u00e9e \u00e0 l&#8217;application AbaNinja.<\/p>\t\t\t\t\t\t\t\t<\/div>\n\t\t\t\t<\/div>\n\t\t\t\t\t<\/div>\n\t\t\t\t<\/div>\n\t\t<div class=\"elementor-element elementor-element-42e86ba e-flex e-con-boxed e-con e-parent\" data-id=\"42e86ba\" data-element_type=\"container\" data-e-type=\"container\" data-settings=\"{&quot;background_background&quot;:&quot;classic&quot;}\">\n\t\t\t\t\t<div class=\"e-con-inner\">\n\t\t\t\t<div class=\"elementor-element elementor-element-6f39556 elementor-widget elementor-widget-text-editor\" data-id=\"6f39556\" data-element_type=\"widget\" data-e-type=\"widget\" data-widget_type=\"text-editor.default\">\n\t\t\t\t<div class=\"elementor-widget-container\">\n\t\t\t\t\t\t\t\t\t<p style=\"font-size: 22px;\">\u00abLa possibilit\u00e9 de b\u00e9n\u00e9ficier d\u2019un accompagnement personnalis\u00e9 \u00e9tait tr\u00e8s importante pour nous. Nous voulions pouvoir compter sur un interlocuteur direct et joindre quelqu&#8217;un \u00e0 tout moment.\u00bb<\/p>\t\t\t\t\t\t\t\t<\/div>\n\t\t\t\t<\/div>\n\t\t\t\t<div class=\"elementor-element elementor-element-f6d5667 elementor-widget elementor-widget-text-editor\" data-id=\"f6d5667\" data-element_type=\"widget\" data-e-type=\"widget\" data-widget_type=\"text-editor.default\">\n\t\t\t\t<div class=\"elementor-widget-container\">\n\t\t\t\t\t\t\t\t\t<p><strong>Nenad Mijajlovic, Directeur g\u00e9n\u00e9ral<\/strong><\/p>\t\t\t\t\t\t\t\t<\/div>\n\t\t\t\t<\/div>\n\t\t\t\t\t<\/div>\n\t\t\t\t<\/div>\n\t\t<div class=\"elementor-element elementor-element-1b1b37e e-flex e-con-boxed e-con e-parent\" data-id=\"1b1b37e\" data-element_type=\"container\" data-e-type=\"container\" data-settings=\"{&quot;background_background&quot;:&quot;classic&quot;}\">\n\t\t\t\t\t<div class=\"e-con-inner\">\n\t\t<div class=\"elementor-element elementor-element-d5c3574 e-con-full e-flex e-con e-child\" data-id=\"d5c3574\" data-element_type=\"container\" data-e-type=\"container\" data-settings=\"{&quot;background_background&quot;:&quot;classic&quot;}\">\n\t\t\t\t<div class=\"elementor-element elementor-element-8fc6dfc elementor-widget__width-initial elementor-widget elementor-widget-heading\" data-id=\"8fc6dfc\" data-element_type=\"widget\" data-e-type=\"widget\" data-widget_type=\"heading.default\">\n\t\t\t\t<div class=\"elementor-widget-container\">\n\t\t\t\t\t<h3 class=\"elementor-heading-title elementor-size-default\">Vous souhaitez b\u00e9n\u00e9ficier d'un conseil personnalis\u00e9 ?<\/h3>\t\t\t\t<\/div>\n\t\t\t\t<\/div>\n\t\t\t\t<div class=\"elementor-element elementor-element-59b3cd3 elementor-widget elementor-widget-text-editor\" data-id=\"59b3cd3\" data-element_type=\"widget\" data-e-type=\"widget\" data-widget_type=\"text-editor.default\">\n\t\t\t\t<div class=\"elementor-widget-container\">\n\t\t\t\t\t\t\t\t\t<span style=\"color: #ffffff;\">Pour les demandes qu&#8217;un chatbot ne peut pas traiter : contactez l&#8217;un de nos Digital Coaches.<\/span>\t\t\t\t\t\t\t\t<\/div>\n\t\t\t\t<\/div>\n\t\t\t\t<\/div>\n\t\t<div class=\"elementor-element elementor-element-a9116df e-con-full e-flex e-con e-child\" data-id=\"a9116df\" data-element_type=\"container\" data-e-type=\"container\">\n\t\t\t\t<div class=\"elementor-element elementor-element-c466b35 elementor-align-center elementor-widget elementor-widget-button\" data-id=\"c466b35\" data-element_type=\"widget\" data-e-type=\"widget\" data-widget_type=\"button.default\">\n\t\t\t\t<div class=\"elementor-widget-container\">\n\t\t\t\t\t\t\t\t\t<div class=\"elementor-button-wrapper\">\n\t\t\t\t\t<a class=\"elementor-button elementor-button-link elementor-size-sm\" href=\"https:\/\/swiss21.org\/fr\/digital-coach\/\">\n\t\t\t\t\t\t<span class=\"elementor-button-content-wrapper\">\n\t\t\t\t\t\t\t\t\t<span class=\"elementor-button-text\">En savoir plus<\/span>\n\t\t\t\t\t<\/span>\n\t\t\t\t\t<\/a>\n\t\t\t\t<\/div>\n\t\t\t\t\t\t\t\t<\/div>\n\t\t\t\t<\/div>\n\t\t\t\t<\/div>\n\t\t\t\t\t<\/div>\n\t\t\t\t<\/div>\n\t\t<div class=\"elementor-element elementor-element-90d4b25 e-flex e-con-boxed e-con e-parent\" data-id=\"90d4b25\" data-element_type=\"container\" data-e-type=\"container\">\n\t\t\t\t\t<div class=\"e-con-inner\">\n\t\t\t\t<div class=\"elementor-element elementor-element-cf47a33 elementor-widget elementor-widget-text-editor\" data-id=\"cf47a33\" data-element_type=\"widget\" data-e-type=\"widget\" data-widget_type=\"text-editor.default\">\n\t\t\t\t<div class=\"elementor-widget-container\">\n\t\t\t\t\t\t\t\t\t<p>Le fonctionnement d\u2019AbaClock est simple : chaque collaborateur re\u00e7oit un badge lui permettant d\u2019enregistrer ses heures d\u2019arriv\u00e9e et de d\u00e9part sur le terminal iPad. En fin de journ\u00e9e, il peut imm\u00e9diatement consulter le nombre d\u2019heures qu\u2019il a travaill\u00e9. Au bureau, Dragan Radujkovic dispose en permanence d&#8217;une vue d&#8217;ensemble des heures enregistr\u00e9es et rep\u00e8re imm\u00e9diatement les oublis de pointage. Les vacances, arr\u00eats maladie, accidents ainsi que les absences li\u00e9es au service militaire ou \u00e0 la protection civile peuvent \u00e9galement \u00eatre enregistr\u00e9s tr\u00e8s facilement. Les temps de travail et les absences sont ainsi transparents et tra\u00e7ables \u00e0 tout moment, tant pour les collaborateurs que pour l&#8217;administration<\/p>\t\t\t\t\t\t\t\t<\/div>\n\t\t\t\t<\/div>\n\t\t\t\t\t<\/div>\n\t\t\t\t<\/div>\n\t\t<div class=\"elementor-element elementor-element-1c4b7e1 e-flex e-con-boxed e-con e-parent\" data-id=\"1c4b7e1\" data-element_type=\"container\" data-e-type=\"container\">\n\t\t\t\t\t<div class=\"e-con-inner\">\n\t\t\t\t<div class=\"elementor-element elementor-element-3b54198 elementor-widget elementor-widget-text-editor\" data-id=\"3b54198\" data-element_type=\"widget\" data-e-type=\"widget\" data-widget_type=\"text-editor.default\">\n\t\t\t\t<div class=\"elementor-widget-container\">\n\t\t\t\t\t\t\t\t\t<h2>La saisie num\u00e9rique des temps offre une meilleure visibilit\u00e9<\/h2><p>L&#8217;introduction de la saisie num\u00e9rique des heures de travail a avant tout permis de r\u00e9duire consid\u00e9rablement la charge administrative. L&#8217;entreprise dispose d\u00e9sormais en permanence d&#8217;une vue d&#8217;ensemble claire des heures travaill\u00e9es, des absences et des heures suppl\u00e9mentaires. Les collaborateurs b\u00e9n\u00e9ficient eux aussi d&#8217;une plus grande transparence, puisque leurs temps de travail sont enregistr\u00e9s de mani\u00e8re fiable et facilement consultables. Au quotidien, le syst\u00e8me apporte davantage de structure, fait gagner du temps et facilite la pr\u00e9paration des contr\u00f4les l\u00e9gaux. L&#8217;entreprise peut ainsi consacrer davantage de ressources \u00e0 ses activit\u00e9s principales.<\/p>\t\t\t\t\t\t\t\t<\/div>\n\t\t\t\t<\/div>\n\t\t\t\t\t<\/div>\n\t\t\t\t<\/div>\n\t\t<div class=\"elementor-element elementor-element-bd3b9f4 e-flex e-con-boxed e-con e-parent\" data-id=\"bd3b9f4\" data-element_type=\"container\" data-e-type=\"container\" data-settings=\"{&quot;background_background&quot;:&quot;classic&quot;}\">\n\t\t\t\t\t<div class=\"e-con-inner\">\n\t\t\t\t<div class=\"elementor-element elementor-element-01d52b5 elementor-widget elementor-widget-text-editor\" data-id=\"01d52b5\" data-element_type=\"widget\" data-e-type=\"widget\" data-widget_type=\"text-editor.default\">\n\t\t\t\t<div class=\"elementor-widget-container\">\n\t\t\t\t\t\t\t\t\t<p style=\"font-size: 22px;\">\u00abNous voyons imm\u00e9diatement qui a travaill\u00e9, qui est en vacances ou qui pr\u00e9sente un solde positif ou n\u00e9gatif. Cela nous laisse davantage de temps pour d&#8217;autres t\u00e2ches.\u00bb<\/p>\t\t\t\t\t\t\t\t<\/div>\n\t\t\t\t<\/div>\n\t\t\t\t<div class=\"elementor-element elementor-element-2b3324f elementor-widget elementor-widget-text-editor\" data-id=\"2b3324f\" data-element_type=\"widget\" data-e-type=\"widget\" data-widget_type=\"text-editor.default\">\n\t\t\t\t<div class=\"elementor-widget-container\">\n\t\t\t\t\t\t\t\t\t<p><strong>Dragan Radujkovic, responsable back-office<\/strong><\/p>\t\t\t\t\t\t\t\t<\/div>\n\t\t\t\t<\/div>\n\t\t\t\t\t<\/div>\n\t\t\t\t<\/div>\n\t\t<div class=\"elementor-element elementor-element-e849073 e-flex e-con-boxed e-con e-parent\" data-id=\"e849073\" data-element_type=\"container\" data-e-type=\"container\">\n\t\t\t\t\t<div class=\"e-con-inner\">\n\t\t\t\t<div class=\"elementor-element elementor-element-7bf66d3 elementor-widget elementor-widget-text-editor\" data-id=\"7bf66d3\" data-element_type=\"widget\" data-e-type=\"widget\" data-widget_type=\"text-editor.default\">\n\t\t\t\t<div class=\"elementor-widget-container\">\n\t\t\t\t\t\t\t\t\t<h2>D\u2019autres \u00e9tapes de num\u00e9risation pr\u00e9vues avec Swiss21<\/h2><p>Actuellement, l\u2019entreprise utilise Swiss21 principalement pour la saisie des temps. La prochaine \u00e9tape consistera \u00e0 num\u00e9riser la gestion des devis et de la facturation. Ceux-ci sont encore \u00e9tablis avec Word, mais l\u2019entreprise voit un r\u00e9el potentiel \u00e0 g\u00e9rer \u00e9galement ce processus dans Swiss21. \u00c0 plus long terme, elle envisage aussi d&#8217;introduire la saisie mobile des temps via AbaClik, afin que les collaborateurs puissent pointer directement depuis leur smartphone, que ce soit en d\u00e9placement ou sur le chantier. Il est important pour Mijajlovic d&#8217;avancer progressivement afin que chacun puisse s&#8217;adapter sereinement aux nouveaux outils. Une chose est claire : la num\u00e9risation doit simplifier le quotidien professionnel, et non le compliquer.<\/p>\t\t\t\t\t\t\t\t<\/div>\n\t\t\t\t<\/div>\n\t\t\t\t\t<\/div>\n\t\t\t\t<\/div>\n\t\t<div class=\"elementor-element elementor-element-5761e28 e-flex e-con-boxed e-con e-parent\" data-id=\"5761e28\" data-element_type=\"container\" data-e-type=\"container\">\n\t\t\t\t\t<div class=\"e-con-inner\">\n\t\t\t\t<div class=\"elementor-element elementor-element-fe99201 elementor-widget elementor-widget-text-editor\" data-id=\"fe99201\" data-element_type=\"widget\" data-e-type=\"widget\" data-widget_type=\"text-editor.default\">\n\t\t\t\t<div class=\"elementor-widget-container\">\n\t\t\t\t\t\t\t\t\t<p style=\"font-size: 22px;\">\u00abAu d\u00e9but, il a fallu un temps d\u2019adaptation, mais aujourd\u2019hui, tout le monde est satisfait. Nous souhai-tons introduire ces nouveaut\u00e9s \u00e9tape par \u00e9tape. Nous \u00e9tudierons ensuite l\u2019introduction de l\u2019application AbaClik.\u00bb<\/p>\t\t\t\t\t\t\t\t<\/div>\n\t\t\t\t<\/div>\n\t\t\t\t<div class=\"elementor-element elementor-element-0b20e2e elementor-widget elementor-widget-text-editor\" data-id=\"0b20e2e\" data-element_type=\"widget\" data-e-type=\"widget\" data-widget_type=\"text-editor.default\">\n\t\t\t\t<div class=\"elementor-widget-container\">\n\t\t\t\t\t\t\t\t\t<p><strong>Novica Mijajlovic, Directeur g\u00e9n\u00e9ral<\/strong><\/p>\t\t\t\t\t\t\t\t<\/div>\n\t\t\t\t<\/div>\n\t\t\t\t\t<\/div>\n\t\t\t\t<\/div>\n\t\t<div class=\"elementor-element elementor-element-81cce0b e-flex e-con-boxed e-con e-parent\" data-id=\"81cce0b\" data-element_type=\"container\" data-e-type=\"container\">\n\t\t\t\t\t<div class=\"e-con-inner\">\n\t\t\t\t<div class=\"elementor-element elementor-element-84fc1c9 elementor-widget elementor-widget-image\" data-id=\"84fc1c9\" data-element_type=\"widget\" data-e-type=\"widget\" data-widget_type=\"image.default\">\n\t\t\t\t<div class=\"elementor-widget-container\">\n\t\t\t\t\t\t\t\t\t\t\t\t<figure class=\"wp-caption\">\n\t\t\t\t\t\t\t\t\t\t<img fetchpriority=\"high\" decoding=\"async\" width=\"1024\" height=\"683\" src=\"https:\/\/swiss21.org\/wp-content\/uploads\/2026\/06\/mihailovic-unterlagsboden-zeiterfassung-abaclock02-1024x683.jpg\" class=\"attachment-large size-large wp-image-50287\" alt=\"\" srcset=\"https:\/\/swiss21.org\/wp-content\/uploads\/2026\/06\/mihailovic-unterlagsboden-zeiterfassung-abaclock02-1024x683.jpg 1024w, https:\/\/swiss21.org\/wp-content\/uploads\/2026\/06\/mihailovic-unterlagsboden-zeiterfassung-abaclock02-300x200.jpg 300w, https:\/\/swiss21.org\/wp-content\/uploads\/2026\/06\/mihailovic-unterlagsboden-zeiterfassung-abaclock02-768x512.jpg 768w, https:\/\/swiss21.org\/wp-content\/uploads\/2026\/06\/mihailovic-unterlagsboden-zeiterfassung-abaclock02-700x467.jpg 700w, https:\/\/swiss21.org\/wp-content\/uploads\/2026\/06\/mihailovic-unterlagsboden-zeiterfassung-abaclock02.jpg 1500w\" sizes=\"(max-width: 1024px) 100vw, 1024px\" title=\"\">\t\t\t\t\t\t\t\t\t\t\t<figcaption class=\"widget-image-caption wp-caption-text\"><\/figcaption>\n\t\t\t\t\t\t\t\t\t\t<\/figure>\n\t\t\t\t\t\t\t\t\t<\/div>\n\t\t\t\t<\/div>\n\t\t\t\t<div class=\"elementor-element elementor-element-b7271cd elementor-widget elementor-widget-text-editor\" data-id=\"b7271cd\" data-element_type=\"widget\" data-e-type=\"widget\" data-widget_type=\"text-editor.default\">\n\t\t\t\t<div class=\"elementor-widget-container\">\n\t\t\t\t\t\t\t\t\t<p>Tihomir Mijajlovic avec ses fils Nenad et Novica<\/p>\t\t\t\t\t\t\t\t<\/div>\n\t\t\t\t<\/div>\n\t\t\t\t\t<\/div>\n\t\t\t\t<\/div>\n\t\t<div class=\"elementor-element elementor-element-4d9d7cb e-flex e-con-boxed e-con e-parent\" data-id=\"4d9d7cb\" data-element_type=\"container\" data-e-type=\"container\" data-settings=\"{&quot;background_background&quot;:&quot;classic&quot;}\">\n\t\t\t\t\t<div class=\"e-con-inner\">\n\t\t<div class=\"elementor-element elementor-element-f6deb01 e-con-full e-flex e-con e-child\" data-id=\"f6deb01\" data-element_type=\"container\" data-e-type=\"container\" data-settings=\"{&quot;background_background&quot;:&quot;classic&quot;}\">\n\t\t\t\t<div class=\"elementor-element elementor-element-4642c1a elementor-widget__width-initial elementor-widget elementor-widget-heading\" data-id=\"4642c1a\" data-element_type=\"widget\" data-e-type=\"widget\" data-widget_type=\"heading.default\">\n\t\t\t\t<div class=\"elementor-widget-container\">\n\t\t\t\t\t<h2 class=\"elementor-heading-title elementor-size-default\">Enregistrez facilement vos heures de travail via l\u2019application, un ordinateur ou une pointeuse<\/h2>\t\t\t\t<\/div>\n\t\t\t\t<\/div>\n\t\t\t\t<\/div>\n\t\t<div class=\"elementor-element elementor-element-b908f2f e-con-full e-flex e-con e-child\" data-id=\"b908f2f\" data-element_type=\"container\" data-e-type=\"container\">\n\t\t\t\t<div class=\"elementor-element elementor-element-2e2275b elementor-align-center elementor-widget elementor-widget-button\" data-id=\"2e2275b\" data-element_type=\"widget\" data-e-type=\"widget\" data-widget_type=\"button.default\">\n\t\t\t\t<div class=\"elementor-widget-container\">\n\t\t\t\t\t\t\t\t\t<div class=\"elementor-button-wrapper\">\n\t\t\t\t\t<a class=\"elementor-button elementor-button-link elementor-size-sm\" href=\"https:\/\/swiss21.org\/fr\/lp\/saisie-des-heures\/\">\n\t\t\t\t\t\t<span class=\"elementor-button-content-wrapper\">\n\t\t\t\t\t\t\t\t\t<span class=\"elementor-button-text\">En savoir plus<\/span>\n\t\t\t\t\t<\/span>\n\t\t\t\t\t<\/a>\n\t\t\t\t<\/div>\n\t\t\t\t\t\t\t\t<\/div>\n\t\t\t\t<\/div>\n\t\t\t\t<\/div>\n\t\t\t\t\t<\/div>\n\t\t\t\t<\/div>\n\t\t\t\t<\/div>\n\t\t","protected":false},"excerpt":{"rendered":"<p>Une pointeuse moderne remplace les listes papier : Mijajlovic num\u00e9rise la gestion du temps de travail Depuis&#8230;<\/p>\n","protected":false},"author":17,"featured_media":50284,"comment_status":"open","ping_status":"open","sticky":false,"template":"","format":"standard","meta":{"_acf_changed":false,"footnotes":""},"categories":[210,212,213],"tags":[],"class_list":["post-50469","post","type-post","status-publish","format-standard","has-post-thumbnail","hentry","category-21-abaninja","category-21-abasalary","category-success-story"],"acf":[],"_links":{"self":[{"href":"https:\/\/swiss21.org\/fr\/wp-json\/wp\/v2\/posts\/50469","targetHints":{"allow":["GET"]}}],"collection":[{"href":"https:\/\/swiss21.org\/fr\/wp-json\/wp\/v2\/posts"}],"about":[{"href":"https:\/\/swiss21.org\/fr\/wp-json\/wp\/v2\/types\/post"}],"author":[{"embeddable":true,"href":"https:\/\/swiss21.org\/fr\/wp-json\/wp\/v2\/users\/17"}],"replies":[{"embeddable":true,"href":"https:\/\/swiss21.org\/fr\/wp-json\/wp\/v2\/comments?post=50469"}],"version-history":[{"count":0,"href":"https:\/\/swiss21.org\/fr\/wp-json\/wp\/v2\/posts\/50469\/revisions"}],"wp:featuredmedia":[{"embeddable":true,"href":"https:\/\/swiss21.org\/fr\/wp-json\/wp\/v2\/media\/50284"}],"wp:attachment":[{"href":"https:\/\/swiss21.org\/fr\/wp-json\/wp\/v2\/media?parent=50469"}],"wp:term":[{"taxonomy":"category","embeddable":true,"href":"https:\/\/swiss21.org\/fr\/wp-json\/wp\/v2\/categories?post=50469"},{"taxonomy":"post_tag","embeddable":true,"href":"https:\/\/swiss21.org\/fr\/wp-json\/wp\/v2\/tags?post=50469"}],"curies":[{"name":"wp","href":"https:\/\/api.w.org\/{rel}","templated":true}]}}